{"id":310606,"date":"2025-10-15T19:04:59","date_gmt":"2025-10-15T17:04:59","guid":{"rendered":"https:\/\/www.evearly.news\/fr\/skoda-prepare-un-grand-suv-electrique-7-places-nous-lavons-deja-surpris-sur-la-route\/"},"modified":"2025-10-15T19:04:59","modified_gmt":"2025-10-15T17:04:59","slug":"skoda-prepare-un-grand-suv-electrique-7-places-nous-lavons-deja-surpris-sur-la-route","status":"publish","type":"post","link":"https:\/\/www.evearly.news\/fr\/skoda-prepare-un-grand-suv-electrique-7-places-nous-lavons-deja-surpris-sur-la-route\/","title":{"rendered":"Skoda pr\u00e9pare un grand SUV \u00e9lectrique 7-places, nous l&rsquo;avons d\u00e9j\u00e0 surpris sur la route"},"content":{"rendered":"<div class=\"media_block\"><img decoding=\"async\" src=\"https:\/\/www.evearly.news\/fr\/wp-content\/uploads\/sites\/6\/2025\/10\/skoda-prepare-un-grand-suv-electrique-7-places-nous-lavons-deja-surpris-sur-la-route.jpg\"><\/div>\n<p>Nos chasseurs de scoop viennent de d\u00e9busquer en plein test, sur l\u2019exigeant circuit du N\u00fcrburgring, en Allemagne, un prototype du futur SUV \u00e0 7 places \u00e9lectrique que Skoda lancera en 2026. Pr\u00e9figur\u00e9 par le concept Vision 7S d\u00e8s l\u2019\u00e9t\u00e9 2022, ce vaisseau amiral verra les choses en grand \u00e0 plus d\u2019un titre. <a href=https:\/\/www.automobile-magazine.fr\/scoops\/article\/49784-skoda-prepare-un-grand-suv-electrique-7-places-nous-lavons-deja-surpris-sur-la-route target='bwindow'>Lire la suite&#8230;<\/a><\/p>\n","protected":false},"excerpt":{"rendered":"<div class=\"media_block\"><img decoding=\"async\" src=\"https:\/\/www.evearly.news\/fr\/wp-content\/uploads\/sites\/6\/2025\/10\/skoda-prepare-un-grand-suv-electrique-7-places-nous-lavons-deja-surpris-sur-la-route.jpg\"><\/div>\n<p> <a class=\"continue-reading-link\" href=\"https:\/\/www.evearly.news\/fr\/skoda-prepare-un-grand-suv-electrique-7-places-nous-lavons-deja-surpris-sur-la-route\/\"><\/a><\/p>\n","protected":false},"author":7,"featured_media":310607,"comment_status":"closed","ping_status":"open","sticky":false,"template":"Default","format":"standard","meta":{"footnotes":""},"categories":[7],"tags":[],"class_list":["post-310606","post","type-post","status-publish","format-standard","has-post-thumbnail","hentry","category-automobile-magazine"],"_links":{"self":[{"href":"https:\/\/www.evearly.news\/fr\/wp-json\/wp\/v2\/posts\/310606","targetHints":{"allow":["GET"]}}],"collection":[{"href":"https:\/\/www.evearly.news\/fr\/wp-json\/wp\/v2\/posts"}],"about":[{"href":"https:\/\/www.evearly.news\/fr\/wp-json\/wp\/v2\/types\/post"}],"author":[{"embeddable":true,"href":"https:\/\/www.evearly.news\/fr\/wp-json\/wp\/v2\/users\/7"}],"replies":[{"embeddable":true,"href":"https:\/\/www.evearly.news\/fr\/wp-json\/wp\/v2\/comments?post=310606"}],"version-history":[{"count":0,"href":"https:\/\/www.evearly.news\/fr\/wp-json\/wp\/v2\/posts\/310606\/revisions"}],"wp:featuredmedia":[{"embeddable":true,"href":"https:\/\/www.evearly.news\/fr\/wp-json\/wp\/v2\/media\/310607"}],"wp:attachment":[{"href":"https:\/\/www.evearly.news\/fr\/wp-json\/wp\/v2\/media?parent=310606"}],"wp:term":[{"taxonomy":"category","embeddable":true,"href":"https:\/\/www.evearly.news\/fr\/wp-json\/wp\/v2\/categories?post=310606"},{"taxonomy":"post_tag","embeddable":true,"href":"https:\/\/www.evearly.news\/fr\/wp-json\/wp\/v2\/tags?post=310606"}],"curies":[{"name":"wp","href":"https:\/\/api.w.org\/{rel}","templated":true}]}}