{"id":310734,"date":"2025-10-17T17:20:08","date_gmt":"2025-10-17T15:20:08","guid":{"rendered":"https:\/\/www.evearly.news\/fr\/en-sept-ans-dexistence-cupra-a-deja-depasse-le-million-de-vehicules-produits\/"},"modified":"2025-10-17T17:20:08","modified_gmt":"2025-10-17T15:20:08","slug":"en-sept-ans-dexistence-cupra-a-deja-depasse-le-million-de-vehicules-produits","status":"publish","type":"post","link":"https:\/\/www.evearly.news\/fr\/en-sept-ans-dexistence-cupra-a-deja-depasse-le-million-de-vehicules-produits\/","title":{"rendered":"En sept ans d\u2019existence, Cupra a d\u00e9j\u00e0 d\u00e9pass\u00e9 le million de v\u00e9hicules produits"},"content":{"rendered":"<p><img decoding=\"async\" src=\"https:\/\/www.evearly.news\/fr\/wp-content\/uploads\/sites\/6\/2025\/10\/en-sept-ans-dexistence-cupra-a-deja-depasse-le-million-de-vehicules-produits.webp\" alt=\"auto-moto\"><br \/>Lanc\u00e9e en 2018 en tant que nouvelle marque au sein du groupe Volkswagen, Cupra a d\u00e9j\u00e0 pass\u00e9 un cap important : celui du million d\u2019unit\u00e9s vendues ! La marque affiche une sant\u00e9 insolente quand la plupart du march\u00e9 souffre, gr\u00e2ce \u00e0 un positionnement malin et une offre compl\u00e8te. <a href=https:\/\/www.auto-moto.com\/business\/cupra-million-dexemplaires-65148 target=blank>Lire la suite&#8230;<\/a><\/p>\n","protected":false},"excerpt":{"rendered":"<p>Lanc\u00e9e en 2018 en tant que nouvelle marque au sein du groupe Volkswagen, Cupra a d\u00e9j\u00e0 pass\u00e9 un cap important : celui du million d\u2019unit\u00e9s vendues ! La marque affiche une sant\u00e9 insolente quand la plupart du march\u00e9 souffre, gr\u00e2ce \u00e0 un positionnement malin et une offre compl\u00e8te&#8230;. <a class=\"continue-reading-link\" href=\"https:\/\/www.evearly.news\/fr\/en-sept-ans-dexistence-cupra-a-deja-depasse-le-million-de-vehicules-produits\/\"><\/a><\/p>\n","protected":false},"author":9,"featured_media":310735,"comment_status":"closed","ping_status":"open","sticky":false,"template":"Default","format":"standard","meta":{"footnotes":""},"categories":[10],"tags":[],"class_list":["post-310734","post","type-post","status-publish","format-standard","has-post-thumbnail","hentry","category-auto-moto-com"],"_links":{"self":[{"href":"https:\/\/www.evearly.news\/fr\/wp-json\/wp\/v2\/posts\/310734","targetHints":{"allow":["GET"]}}],"collection":[{"href":"https:\/\/www.evearly.news\/fr\/wp-json\/wp\/v2\/posts"}],"about":[{"href":"https:\/\/www.evearly.news\/fr\/wp-json\/wp\/v2\/types\/post"}],"author":[{"embeddable":true,"href":"https:\/\/www.evearly.news\/fr\/wp-json\/wp\/v2\/users\/9"}],"replies":[{"embeddable":true,"href":"https:\/\/www.evearly.news\/fr\/wp-json\/wp\/v2\/comments?post=310734"}],"version-history":[{"count":0,"href":"https:\/\/www.evearly.news\/fr\/wp-json\/wp\/v2\/posts\/310734\/revisions"}],"wp:featuredmedia":[{"embeddable":true,"href":"https:\/\/www.evearly.news\/fr\/wp-json\/wp\/v2\/media\/310735"}],"wp:attachment":[{"href":"https:\/\/www.evearly.news\/fr\/wp-json\/wp\/v2\/media?parent=310734"}],"wp:term":[{"taxonomy":"category","embeddable":true,"href":"https:\/\/www.evearly.news\/fr\/wp-json\/wp\/v2\/categories?post=310734"},{"taxonomy":"post_tag","embeddable":true,"href":"https:\/\/www.evearly.news\/fr\/wp-json\/wp\/v2\/tags?post=310734"}],"curies":[{"name":"wp","href":"https:\/\/api.w.org\/{rel}","templated":true}]}}