{"id":310738,"date":"2025-10-17T17:21:34","date_gmt":"2025-10-17T15:21:34","guid":{"rendered":"https:\/\/www.evearly.news\/fr\/stellantis-va-vendre-une-voiture-electrique-a-15-000-e-en-europe-grace-a-la-chine\/"},"modified":"2025-10-17T17:21:34","modified_gmt":"2025-10-17T15:21:34","slug":"stellantis-va-vendre-une-voiture-electrique-a-15-000-e-en-europe-grace-a-la-chine","status":"publish","type":"post","link":"https:\/\/www.evearly.news\/fr\/stellantis-va-vendre-une-voiture-electrique-a-15-000-e-en-europe-grace-a-la-chine\/","title":{"rendered":"Stellantis va vendre une voiture \u00e9lectrique \u00e0 15 000 \u20ac en Europe gr\u00e2ce \u00e0 la Chine"},"content":{"rendered":"<p><img width=\"1200\" height=\"675\" src=\"https:\/\/www.evearly.news\/fr\/wp-content\/uploads\/sites\/6\/2025\/10\/stellantis-va-vendre-une-voiture-electrique-a-15-000-e-en-europe-grace-a-la-chine.jpg\" class=\"attachment-full size-full wp-post-image\" alt=\"\" decoding=\"async\" loading=\"lazy\" \/<br \/>\nLeapmotor, le constructeur chinois distribu\u00e9 par Stellantis en Europe, entend bien conqu\u00e9rir le Vieux Continent. Avec le lancement d&rsquo;un mod\u00e8le de segment A pr\u00e9vu au premier trimestre 2026 et l\u2019ouverture d\u2019une usine en Espagne, la jeune marque \u00e9lectrique mise sur son expansion internationale en surfant sur la volont\u00e9 du l\u00e9gislateur europ\u00e9en.<br \/>\n <a href=https:\/\/www.frandroid.com\/marques\/leapmotor\/2836165_stellantis-va-vendre-une-voiture-electrique-a-15-000-e-en-europe-grace-a-la-chine target='blank'>Lire la suite&#8230;<\/a><\/p>\n","protected":false},"excerpt":{"rendered":"<p>&lt;img width=&quot;1200&quot; height=&quot;675&quot; src=&quot;https:\/\/www.evearly.news\/fr\/wp-content\/uploads\/sites\/6\/2025\/10\/stellantis-va-vendre-une-voiture-electrique-a-15-000-e-en-europe-grace-a-la-chine.jpg&quot; class=&quot;attachment-full size-full wp-post-image&quot; alt=&quot;&quot; decoding=&quot;async&quot; loading=&quot;lazy&quot; \/<br \/>\nLeapmotor, le constructeur chinois distribu\u00e9 par Stellantis en Europe, entend bien conqu\u00e9rir le Vieux Continent. Avec le lancement d&rsquo;un mod\u00e8le de segment A pr\u00e9vu au premier trimestre 2026 et l\u2019ouverture d\u2019une usine en Espagne, la jeune marque \u00e9lectrique mise sur son expansion internationale en surfant sur la volont\u00e9 du l\u00e9gislateur europ\u00e9en.\n<\/p>\n<p> <a class=\"continue-reading-link\" href=\"https:\/\/www.evearly.news\/fr\/stellantis-va-vendre-une-voiture-electrique-a-15-000-e-en-europe-grace-a-la-chine\/\"><\/a><\/p>\n","protected":false},"author":6,"featured_media":310739,"comment_status":"closed","ping_status":"open","sticky":false,"template":"Default","format":"standard","meta":{"footnotes":""},"categories":[14],"tags":[],"class_list":["post-310738","post","type-post","status-publish","format-standard","has-post-thumbnail","hentry","category-frandroid"],"_links":{"self":[{"href":"https:\/\/www.evearly.news\/fr\/wp-json\/wp\/v2\/posts\/310738","targetHints":{"allow":["GET"]}}],"collection":[{"href":"https:\/\/www.evearly.news\/fr\/wp-json\/wp\/v2\/posts"}],"about":[{"href":"https:\/\/www.evearly.news\/fr\/wp-json\/wp\/v2\/types\/post"}],"author":[{"embeddable":true,"href":"https:\/\/www.evearly.news\/fr\/wp-json\/wp\/v2\/users\/6"}],"replies":[{"embeddable":true,"href":"https:\/\/www.evearly.news\/fr\/wp-json\/wp\/v2\/comments?post=310738"}],"version-history":[{"count":0,"href":"https:\/\/www.evearly.news\/fr\/wp-json\/wp\/v2\/posts\/310738\/revisions"}],"wp:featuredmedia":[{"embeddable":true,"href":"https:\/\/www.evearly.news\/fr\/wp-json\/wp\/v2\/media\/310739"}],"wp:attachment":[{"href":"https:\/\/www.evearly.news\/fr\/wp-json\/wp\/v2\/media?parent=310738"}],"wp:term":[{"taxonomy":"category","embeddable":true,"href":"https:\/\/www.evearly.news\/fr\/wp-json\/wp\/v2\/categories?post=310738"},{"taxonomy":"post_tag","embeddable":true,"href":"https:\/\/www.evearly.news\/fr\/wp-json\/wp\/v2\/tags?post=310738"}],"curies":[{"name":"wp","href":"https:\/\/api.w.org\/{rel}","templated":true}]}}