{"id":310752,"date":"2025-10-18T10:51:56","date_gmt":"2025-10-18T08:51:56","guid":{"rendered":"https:\/\/www.evearly.news\/fr\/li-auto-selance-a-linternational-bientot-leurope\/"},"modified":"2025-10-18T10:51:56","modified_gmt":"2025-10-18T08:51:56","slug":"li-auto-selance-a-linternational-bientot-leurope","status":"publish","type":"post","link":"https:\/\/www.evearly.news\/fr\/li-auto-selance-a-linternational-bientot-leurope\/","title":{"rendered":"LI Auto s\u2019\u00e9lance \u00e0 l\u2019international, bient\u00f4t l\u2019Europe ?"},"content":{"rendered":"<p><img loading=\"lazy\" decoding=\"async\" width=\"500\" height=\"333\" src=\"https:\/\/www.evearly.news\/fr\/wp-content\/uploads\/sites\/6\/2025\/10\/li-auto-selance-a-linternational-bientot-leurope.jpg\" class=\"attachment-1200x800 size-1200x800 wp-post-image\" alt=\"LI Auto en Ouzbekistan\" srcset=\"https:\/\/www.evearly.news\/fr\/wp-content\/uploads\/sites\/6\/2025\/10\/li-auto-selance-a-linternational-bientot-leurope.jpg 2048w, https:\/\/www.evearly.news\/fr\/wp-content\/uploads\/sites\/6\/2025\/10\/li-auto-selance-a-linternational-bientot-leurope-1.jpg 1640w, https:\/\/www.evearly.news\/fr\/wp-content\/uploads\/sites\/6\/2025\/10\/li-auto-selance-a-linternational-bientot-leurope-2.jpg 1024w, https:\/\/www.evearly.news\/fr\/wp-content\/uploads\/sites\/6\/2025\/10\/li-auto-selance-a-linternational-bientot-leurope-3.jpg 768w, https:\/\/www.evearly.news\/fr\/wp-content\/uploads\/sites\/6\/2025\/10\/li-auto-selance-a-linternational-bientot-leurope-4.jpg 1536w, https:\/\/cdn.automobile-propre.com\/uploads\/2025\/10\/LI-Auto-Uzbekistan-620x348.jpg 620w\" sizes=\"auto, (max-width: 1200px) 100vw, 1200px\" \/><br \/>\nJusqu&rsquo;\u00e0 pr\u00e9sent, le succ\u00e8s rencontr\u00e9 en Chine n&rsquo;incitait pas LI Auto \u00e0 vendre ses v\u00e9hicules sur les march\u00e9s internationaux. Mais les derniers revers le poussent \u00e0 anticiper sa phase d&rsquo;internationalisation. Son arriv\u00e9e en Europe n&rsquo;est pas \u00e0 exclure.\u00a0<a href=https:\/\/www.automobile-propre.com\/breves\/li-auto-selance-a-linternational-bientot-leurope\/ target='bwindow'>Lire la suite&#8230;<\/a><\/p>\n","protected":false},"excerpt":{"rendered":"<p>&#8230; <a class=\"continue-reading-link\" href=\"https:\/\/www.evearly.news\/fr\/li-auto-selance-a-linternational-bientot-leurope\/\"><\/a><\/p>\n","protected":false},"author":8,"featured_media":310753,"comment_status":"closed","ping_status":"open","sticky":false,"template":"Default","format":"standard","meta":{"footnotes":""},"categories":[8],"tags":[],"class_list":["post-310752","post","type-post","status-publish","format-standard","has-post-thumbnail","hentry","category-automobile-propre"],"_links":{"self":[{"href":"https:\/\/www.evearly.news\/fr\/wp-json\/wp\/v2\/posts\/310752","targetHints":{"allow":["GET"]}}],"collection":[{"href":"https:\/\/www.evearly.news\/fr\/wp-json\/wp\/v2\/posts"}],"about":[{"href":"https:\/\/www.evearly.news\/fr\/wp-json\/wp\/v2\/types\/post"}],"author":[{"embeddable":true,"href":"https:\/\/www.evearly.news\/fr\/wp-json\/wp\/v2\/users\/8"}],"replies":[{"embeddable":true,"href":"https:\/\/www.evearly.news\/fr\/wp-json\/wp\/v2\/comments?post=310752"}],"version-history":[{"count":0,"href":"https:\/\/www.evearly.news\/fr\/wp-json\/wp\/v2\/posts\/310752\/revisions"}],"wp:featuredmedia":[{"embeddable":true,"href":"https:\/\/www.evearly.news\/fr\/wp-json\/wp\/v2\/media\/310753"}],"wp:attachment":[{"href":"https:\/\/www.evearly.news\/fr\/wp-json\/wp\/v2\/media?parent=310752"}],"wp:term":[{"taxonomy":"category","embeddable":true,"href":"https:\/\/www.evearly.news\/fr\/wp-json\/wp\/v2\/categories?post=310752"},{"taxonomy":"post_tag","embeddable":true,"href":"https:\/\/www.evearly.news\/fr\/wp-json\/wp\/v2\/tags?post=310752"}],"curies":[{"name":"wp","href":"https:\/\/api.w.org\/{rel}","templated":true}]}}