{"id":310758,"date":"2025-10-18T12:10:09","date_gmt":"2025-10-18T10:10:09","guid":{"rendered":"https:\/\/www.evearly.news\/fr\/reparer-les-batteries-de-toutes-les-voitures-electriques-cest-pas-gagne\/"},"modified":"2025-10-18T12:10:09","modified_gmt":"2025-10-18T10:10:09","slug":"reparer-les-batteries-de-toutes-les-voitures-electriques-cest-pas-gagne","status":"publish","type":"post","link":"https:\/\/www.evearly.news\/fr\/reparer-les-batteries-de-toutes-les-voitures-electriques-cest-pas-gagne\/","title":{"rendered":"R\u00e9parer les batteries de toutes les voitures \u00e9lectriques, c&rsquo;est pas gagn\u00e9 !"},"content":{"rendered":"<div class=\"media_block\"><img decoding=\"async\" src=\"https:\/\/www.evearly.news\/fr\/wp-content\/uploads\/sites\/6\/2025\/10\/reparer-les-batteries-de-toutes-les-voitures-electriques-cest-pas-gagne.jpg\"><\/div>\n<p>A l&rsquo;occasion d&rsquo;une conf\u00e9rence sur la r\u00e9parabilit\u00e9 des batteries de voitures \u00e9lectriques, constructeur et ind\u00e9pendants ont dress\u00e9 un \u00e9tat des lieux pas forc\u00e9ment tr\u00e8s rassurant sur la facilit\u00e9 d&rsquo;acc\u00e8s des pi\u00e8ces de rechange, leur co\u00fbt et surtout la difficult\u00e9 de d\u00e9montage pour des batteries qui sont par ailleurs prot\u00e9g\u00e9es par des codes sp\u00e9cifiques, rendant parfois impossible la r\u00e9paration en cas de greffe de pi\u00e8ce neuve. <a href=https:\/\/www.automobile-magazine.fr\/voitures-electriques\/article\/49741-reparer-les-batteries-de-toutes-les-voitures-electriques-cest-pas-gagne target='bwindow'>Lire la suite&#8230;<\/a><\/p>\n","protected":false},"excerpt":{"rendered":"<div class=\"media_block\"><img decoding=\"async\" src=\"https:\/\/www.evearly.news\/fr\/wp-content\/uploads\/sites\/6\/2025\/10\/reparer-les-batteries-de-toutes-les-voitures-electriques-cest-pas-gagne.jpg\"><\/div>\n<p> <a class=\"continue-reading-link\" href=\"https:\/\/www.evearly.news\/fr\/reparer-les-batteries-de-toutes-les-voitures-electriques-cest-pas-gagne\/\"><\/a><\/p>\n","protected":false},"author":7,"featured_media":310759,"comment_status":"closed","ping_status":"open","sticky":false,"template":"Default","format":"standard","meta":{"footnotes":""},"categories":[7],"tags":[],"class_list":["post-310758","post","type-post","status-publish","format-standard","has-post-thumbnail","hentry","category-automobile-magazine"],"_links":{"self":[{"href":"https:\/\/www.evearly.news\/fr\/wp-json\/wp\/v2\/posts\/310758","targetHints":{"allow":["GET"]}}],"collection":[{"href":"https:\/\/www.evearly.news\/fr\/wp-json\/wp\/v2\/posts"}],"about":[{"href":"https:\/\/www.evearly.news\/fr\/wp-json\/wp\/v2\/types\/post"}],"author":[{"embeddable":true,"href":"https:\/\/www.evearly.news\/fr\/wp-json\/wp\/v2\/users\/7"}],"replies":[{"embeddable":true,"href":"https:\/\/www.evearly.news\/fr\/wp-json\/wp\/v2\/comments?post=310758"}],"version-history":[{"count":0,"href":"https:\/\/www.evearly.news\/fr\/wp-json\/wp\/v2\/posts\/310758\/revisions"}],"wp:featuredmedia":[{"embeddable":true,"href":"https:\/\/www.evearly.news\/fr\/wp-json\/wp\/v2\/media\/310759"}],"wp:attachment":[{"href":"https:\/\/www.evearly.news\/fr\/wp-json\/wp\/v2\/media?parent=310758"}],"wp:term":[{"taxonomy":"category","embeddable":true,"href":"https:\/\/www.evearly.news\/fr\/wp-json\/wp\/v2\/categories?post=310758"},{"taxonomy":"post_tag","embeddable":true,"href":"https:\/\/www.evearly.news\/fr\/wp-json\/wp\/v2\/tags?post=310758"}],"curies":[{"name":"wp","href":"https:\/\/api.w.org\/{rel}","templated":true}]}}