{"id":310762,"date":"2025-10-18T14:20:05","date_gmt":"2025-10-18T12:20:05","guid":{"rendered":"https:\/\/www.evearly.news\/fr\/leurope-veut-imposer-lelectrique-en-2035-mais-elle-est-totalement-larguee-sur-le-maillage-de-son-reseau-de-bornes-de-recharge\/"},"modified":"2025-10-18T14:20:05","modified_gmt":"2025-10-18T12:20:05","slug":"leurope-veut-imposer-lelectrique-en-2035-mais-elle-est-totalement-larguee-sur-le-maillage-de-son-reseau-de-bornes-de-recharge","status":"publish","type":"post","link":"https:\/\/www.evearly.news\/fr\/leurope-veut-imposer-lelectrique-en-2035-mais-elle-est-totalement-larguee-sur-le-maillage-de-son-reseau-de-bornes-de-recharge\/","title":{"rendered":"L&rsquo;Europe veut imposer l&rsquo;\u00e9lectrique en 2035, mais elle est totalement largu\u00e9e sur le maillage de son r\u00e9seau de bornes de recharge"},"content":{"rendered":"<div class=\"media_block\"><img decoding=\"async\" src=\"https:\/\/www.evearly.news\/fr\/wp-content\/uploads\/sites\/6\/2025\/10\/leurope-veut-imposer-lelectrique-en-2035-mais-elle-est-totalement-larguee-sur-le-maillage-de-son-reseau-de-bornes-de-recharge.jpg\"><\/div>\n<p>\u00c0 cinq ans de 2030, l\u2019Europe est encore loin de son objectif de 3,5 millions de points de recharge publics pour v\u00e9hicules \u00e9lectriques. Malgr\u00e9 une croissance continue, la couverture reste in\u00e9gale, la recharge haute puissance rare, et la fracture territoriale importante. L\u2019enjeu ne se limite pas au nombre : fiabilit\u00e9, rapidit\u00e9, et accessibilit\u00e9 doivent \u00eatre am\u00e9lior\u00e9es pour pr\u00e9parer la r\u00e9volution \u00e9lectrique que l&rsquo;on cesse de nous vendre. <a href=https:\/\/www.automobile-magazine.fr\/voitures-electriques\/article\/49777-leurope-veut-imposer-lelectrique-en-2035-mais-elle-est-totalement-larguee-sur-le-maillage-de-son-reseau-de-bornes-de-recharge target='bwindow'>Lire la suite&#8230;<\/a><\/p>\n","protected":false},"excerpt":{"rendered":"<div class=\"media_block\"><img decoding=\"async\" src=\"https:\/\/www.evearly.news\/fr\/wp-content\/uploads\/sites\/6\/2025\/10\/leurope-veut-imposer-lelectrique-en-2035-mais-elle-est-totalement-larguee-sur-le-maillage-de-son-reseau-de-bornes-de-recharge.jpg\"><\/div>\n<p> <a class=\"continue-reading-link\" href=\"https:\/\/www.evearly.news\/fr\/leurope-veut-imposer-lelectrique-en-2035-mais-elle-est-totalement-larguee-sur-le-maillage-de-son-reseau-de-bornes-de-recharge\/\"><\/a><\/p>\n","protected":false},"author":7,"featured_media":310763,"comment_status":"closed","ping_status":"open","sticky":false,"template":"Default","format":"standard","meta":{"footnotes":""},"categories":[7],"tags":[],"class_list":["post-310762","post","type-post","status-publish","format-standard","has-post-thumbnail","hentry","category-automobile-magazine"],"_links":{"self":[{"href":"https:\/\/www.evearly.news\/fr\/wp-json\/wp\/v2\/posts\/310762","targetHints":{"allow":["GET"]}}],"collection":[{"href":"https:\/\/www.evearly.news\/fr\/wp-json\/wp\/v2\/posts"}],"about":[{"href":"https:\/\/www.evearly.news\/fr\/wp-json\/wp\/v2\/types\/post"}],"author":[{"embeddable":true,"href":"https:\/\/www.evearly.news\/fr\/wp-json\/wp\/v2\/users\/7"}],"replies":[{"embeddable":true,"href":"https:\/\/www.evearly.news\/fr\/wp-json\/wp\/v2\/comments?post=310762"}],"version-history":[{"count":0,"href":"https:\/\/www.evearly.news\/fr\/wp-json\/wp\/v2\/posts\/310762\/revisions"}],"wp:featuredmedia":[{"embeddable":true,"href":"https:\/\/www.evearly.news\/fr\/wp-json\/wp\/v2\/media\/310763"}],"wp:attachment":[{"href":"https:\/\/www.evearly.news\/fr\/wp-json\/wp\/v2\/media?parent=310762"}],"wp:term":[{"taxonomy":"category","embeddable":true,"href":"https:\/\/www.evearly.news\/fr\/wp-json\/wp\/v2\/categories?post=310762"},{"taxonomy":"post_tag","embeddable":true,"href":"https:\/\/www.evearly.news\/fr\/wp-json\/wp\/v2\/tags?post=310762"}],"curies":[{"name":"wp","href":"https:\/\/api.w.org\/{rel}","templated":true}]}}