{"id":310764,"date":"2025-10-18T14:52:48","date_gmt":"2025-10-18T12:52:48","guid":{"rendered":"https:\/\/www.evearly.news\/fr\/au-salon-de-tokyo-daihatsu-ressuscite-le-midget-en-electrique\/"},"modified":"2025-10-18T14:52:48","modified_gmt":"2025-10-18T12:52:48","slug":"au-salon-de-tokyo-daihatsu-ressuscite-le-midget-en-electrique","status":"publish","type":"post","link":"https:\/\/www.evearly.news\/fr\/au-salon-de-tokyo-daihatsu-ressuscite-le-midget-en-electrique\/","title":{"rendered":"Au salon de Tokyo, Daihatsu ressuscite le Midget en \u00e9lectrique"},"content":{"rendered":"<p><img loading=\"lazy\" decoding=\"async\" width=\"500\" height=\"333\" src=\"https:\/\/www.evearly.news\/fr\/wp-content\/uploads\/sites\/6\/2025\/10\/au-salon-de-tokyo-daihatsu-ressuscite-le-midget-en-electrique.jpg\" class=\"attachment-1200x800 size-1200x800 wp-post-image\" alt=\"Daihatsu Midget Concept 2025\" srcset=\"https:\/\/www.evearly.news\/fr\/wp-content\/uploads\/sites\/6\/2025\/10\/au-salon-de-tokyo-daihatsu-ressuscite-le-midget-en-electrique.jpg 1600w, https:\/\/www.evearly.news\/fr\/wp-content\/uploads\/sites\/6\/2025\/10\/au-salon-de-tokyo-daihatsu-ressuscite-le-midget-en-electrique-1.jpg 1024w, https:\/\/www.evearly.news\/fr\/wp-content\/uploads\/sites\/6\/2025\/10\/au-salon-de-tokyo-daihatsu-ressuscite-le-midget-en-electrique-2.jpg 768w, https:\/\/www.evearly.news\/fr\/wp-content\/uploads\/sites\/6\/2025\/10\/au-salon-de-tokyo-daihatsu-ressuscite-le-midget-en-electrique-3.jpg 1536w, https:\/\/cdn.automobile-propre.com\/uploads\/2025\/10\/Daihatsu-Midget-X-Concept-2-620x349.jpg 620w\" sizes=\"auto, (max-width: 1200px) 100vw, 1200px\" \/><br \/>\nPour pr\u00e9parer l&rsquo;arriv\u00e9e de mod\u00e8les \u00e9lectriques dans sa gamme de Kei au Japon, Daihatsu a choisi de faire appel \u00e0 la nostalgie. Le Midget, son tout premier mod\u00e8le, sera ainsi actualis\u00e9 dans une version bien sympathique.\u00a0<a href=https:\/\/www.automobile-propre.com\/breves\/au-salon-de-tokyo-daihatsu-ressuscite-le-midget-en-electrique\/ target='bwindow'>Lire la suite&#8230;<\/a><\/p>\n","protected":false},"excerpt":{"rendered":"<p>&#8230; <a class=\"continue-reading-link\" href=\"https:\/\/www.evearly.news\/fr\/au-salon-de-tokyo-daihatsu-ressuscite-le-midget-en-electrique\/\"><\/a><\/p>\n","protected":false},"author":8,"featured_media":310765,"comment_status":"closed","ping_status":"open","sticky":false,"template":"Default","format":"standard","meta":{"footnotes":""},"categories":[8],"tags":[],"class_list":["post-310764","post","type-post","status-publish","format-standard","has-post-thumbnail","hentry","category-automobile-propre"],"_links":{"self":[{"href":"https:\/\/www.evearly.news\/fr\/wp-json\/wp\/v2\/posts\/310764","targetHints":{"allow":["GET"]}}],"collection":[{"href":"https:\/\/www.evearly.news\/fr\/wp-json\/wp\/v2\/posts"}],"about":[{"href":"https:\/\/www.evearly.news\/fr\/wp-json\/wp\/v2\/types\/post"}],"author":[{"embeddable":true,"href":"https:\/\/www.evearly.news\/fr\/wp-json\/wp\/v2\/users\/8"}],"replies":[{"embeddable":true,"href":"https:\/\/www.evearly.news\/fr\/wp-json\/wp\/v2\/comments?post=310764"}],"version-history":[{"count":0,"href":"https:\/\/www.evearly.news\/fr\/wp-json\/wp\/v2\/posts\/310764\/revisions"}],"wp:featuredmedia":[{"embeddable":true,"href":"https:\/\/www.evearly.news\/fr\/wp-json\/wp\/v2\/media\/310765"}],"wp:attachment":[{"href":"https:\/\/www.evearly.news\/fr\/wp-json\/wp\/v2\/media?parent=310764"}],"wp:term":[{"taxonomy":"category","embeddable":true,"href":"https:\/\/www.evearly.news\/fr\/wp-json\/wp\/v2\/categories?post=310764"},{"taxonomy":"post_tag","embeddable":true,"href":"https:\/\/www.evearly.news\/fr\/wp-json\/wp\/v2\/tags?post=310764"}],"curies":[{"name":"wp","href":"https:\/\/api.w.org\/{rel}","templated":true}]}}