{"id":310768,"date":"2025-10-18T16:52:00","date_gmt":"2025-10-18T14:52:00","guid":{"rendered":"https:\/\/www.evearly.news\/fr\/toyota-prepare-un-quadricycle-electrique-issu-du-concept-ft-me\/"},"modified":"2025-10-18T16:52:00","modified_gmt":"2025-10-18T14:52:00","slug":"toyota-prepare-un-quadricycle-electrique-issu-du-concept-ft-me","status":"publish","type":"post","link":"https:\/\/www.evearly.news\/fr\/toyota-prepare-un-quadricycle-electrique-issu-du-concept-ft-me\/","title":{"rendered":"Toyota pr\u00e9pare un quadricycle \u00e9lectrique issu du concept FT-Me"},"content":{"rendered":"<p><img loading=\"lazy\" decoding=\"async\" width=\"500\" height=\"333\" src=\"https:\/\/www.evearly.news\/fr\/wp-content\/uploads\/sites\/6\/2025\/10\/toyota-prepare-un-quadricycle-electrique-issu-du-concept-ft-me.jpg\" class=\"attachment-1200x800 size-1200x800 wp-post-image\" alt=\"Toyota FT-Me\" srcset=\"https:\/\/www.evearly.news\/fr\/wp-content\/uploads\/sites\/6\/2025\/10\/toyota-prepare-un-quadricycle-electrique-issu-du-concept-ft-me.jpg 1536w, https:\/\/www.evearly.news\/fr\/wp-content\/uploads\/sites\/6\/2025\/10\/toyota-prepare-un-quadricycle-electrique-issu-du-concept-ft-me-1.jpg 1640w, https:\/\/www.evearly.news\/fr\/wp-content\/uploads\/sites\/6\/2025\/10\/toyota-prepare-un-quadricycle-electrique-issu-du-concept-ft-me-2.jpg 1024w, https:\/\/www.evearly.news\/fr\/wp-content\/uploads\/sites\/6\/2025\/10\/toyota-prepare-un-quadricycle-electrique-issu-du-concept-ft-me-3.jpg 140w, https:\/\/www.evearly.news\/fr\/wp-content\/uploads\/sites\/6\/2025\/10\/toyota-prepare-un-quadricycle-electrique-issu-du-concept-ft-me-4.jpg 768w, https:\/\/www.evearly.news\/fr\/wp-content\/uploads\/sites\/6\/2025\/10\/toyota-prepare-un-quadricycle-electrique-issu-du-concept-ft-me-5.jpg 620w, https:\/\/www.evearly.news\/fr\/wp-content\/uploads\/sites\/6\/2025\/10\/toyota-prepare-un-quadricycle-electrique-issu-du-concept-ft-me-6.jpg 100w, https:\/\/www.evearly.news\/fr\/wp-content\/uploads\/sites\/6\/2025\/10\/toyota-prepare-un-quadricycle-electrique-issu-du-concept-ft-me-7.jpg 190w, https:\/\/www.evearly.news\/fr\/wp-content\/uploads\/sites\/6\/2025\/10\/toyota-prepare-un-quadricycle-electrique-issu-du-concept-ft-me-8.jpg 600w, https:\/\/cdn.automobile-propre.com\/uploads\/2025\/03\/Toyota-FT-Me-1.jpg 2000w\" sizes=\"auto, (max-width: 1200px) 100vw, 1200px\" \/><br \/>\nPr\u00e9sent\u00e9 au printemps 2025, le concept Toyota FT-ME semble se rapprocher de la production. Le projet vient de d\u00e9crocher une aide du gouvernement britannique qui confirme l&rsquo;int\u00e9r\u00eat des constructeurs pour de nouvelles voies pour proposer des v\u00e9hicules urbains abordables.\u00a0<a href=https:\/\/www.automobile-propre.com\/breves\/toyota-prepare-un-quadricycle-electrique-issu-du-concept-ft-me\/ target='bwindow'>Lire la suite&#8230;<\/a><\/p>\n","protected":false},"excerpt":{"rendered":"<p>&#8230; <a class=\"continue-reading-link\" href=\"https:\/\/www.evearly.news\/fr\/toyota-prepare-un-quadricycle-electrique-issu-du-concept-ft-me\/\"><\/a><\/p>\n","protected":false},"author":8,"featured_media":310769,"comment_status":"closed","ping_status":"open","sticky":false,"template":"Default","format":"standard","meta":{"footnotes":""},"categories":[8],"tags":[],"class_list":["post-310768","post","type-post","status-publish","format-standard","has-post-thumbnail","hentry","category-automobile-propre"],"_links":{"self":[{"href":"https:\/\/www.evearly.news\/fr\/wp-json\/wp\/v2\/posts\/310768","targetHints":{"allow":["GET"]}}],"collection":[{"href":"https:\/\/www.evearly.news\/fr\/wp-json\/wp\/v2\/posts"}],"about":[{"href":"https:\/\/www.evearly.news\/fr\/wp-json\/wp\/v2\/types\/post"}],"author":[{"embeddable":true,"href":"https:\/\/www.evearly.news\/fr\/wp-json\/wp\/v2\/users\/8"}],"replies":[{"embeddable":true,"href":"https:\/\/www.evearly.news\/fr\/wp-json\/wp\/v2\/comments?post=310768"}],"version-history":[{"count":0,"href":"https:\/\/www.evearly.news\/fr\/wp-json\/wp\/v2\/posts\/310768\/revisions"}],"wp:featuredmedia":[{"embeddable":true,"href":"https:\/\/www.evearly.news\/fr\/wp-json\/wp\/v2\/media\/310769"}],"wp:attachment":[{"href":"https:\/\/www.evearly.news\/fr\/wp-json\/wp\/v2\/media?parent=310768"}],"wp:term":[{"taxonomy":"category","embeddable":true,"href":"https:\/\/www.evearly.news\/fr\/wp-json\/wp\/v2\/categories?post=310768"},{"taxonomy":"post_tag","embeddable":true,"href":"https:\/\/www.evearly.news\/fr\/wp-json\/wp\/v2\/tags?post=310768"}],"curies":[{"name":"wp","href":"https:\/\/api.w.org\/{rel}","templated":true}]}}