{"id":310772,"date":"2025-10-18T18:28:30","date_gmt":"2025-10-18T16:28:30","guid":{"rendered":"https:\/\/www.evearly.news\/fr\/futures-peugeot-208-3-opel-corsa-7-et-ds-n3-portraits-des-rivales-des-renault-clio-6-r5-e-tech-et-alpine-a290\/"},"modified":"2025-10-18T18:28:30","modified_gmt":"2025-10-18T16:28:30","slug":"futures-peugeot-208-3-opel-corsa-7-et-ds-n3-portraits-des-rivales-des-renault-clio-6-r5-e-tech-et-alpine-a290","status":"publish","type":"post","link":"https:\/\/www.evearly.news\/fr\/futures-peugeot-208-3-opel-corsa-7-et-ds-n3-portraits-des-rivales-des-renault-clio-6-r5-e-tech-et-alpine-a290\/","title":{"rendered":"Futures Peugeot 208 \u00ab\u00a03\u00a0\u00bb, Opel Corsa \u00ab\u00a07\u00a0\u00bb et DS N\u00b03 : portraits des rivales des Renault Clio 6, R5 E-Tech et Alpine A290"},"content":{"rendered":"<div class=\"media_block\"><img decoding=\"async\" src=\"https:\/\/www.evearly.news\/fr\/wp-content\/uploads\/sites\/6\/2025\/10\/futures-peugeot-208-3-opel-corsa-7-et-ds-n3-portraits-des-rivales-des-renault-clio-6-r5-e-tech-et-alpine-a290.jpg\"><\/div>\n<p>A partir de 2027, la Peugeot 208 de troisi\u00e8me g\u00e9n\u00e9ration ouvrira le bal d\u2019un trio de citadines polyvalentes particuli\u00e8rement aff\u00fbt\u00e9es b\u00e9n\u00e9ficiant d\u2019une plateforme technique in\u00e9dite. Suivront dans la foul\u00e9e, la DS N\u00b03 et l\u2019Opel Corsa \u00ab\u00a07\u00a0\u00bb. Selon les marques, Stellantis, la maison m\u00e8re, a r\u00e9alis\u00e9 des arbitrages diff\u00e9rents en mati\u00e8re de thermique et d\u2019\u00e9lectrique. Quoiqu\u2019il en soit, les Renault Clio 6, R5 E-Tech et Alpine A290 sont clairement vis\u00e9es. <a href=https:\/\/www.automobile-magazine.fr\/scoops\/article\/49771-futures-peugeot-208-3-opel-corsa-7-et-ds-n3-portraits-des-rivales-des-renault-clio-6-r5-e-tech-et-alpine-a290 target='bwindow'>Lire la suite&#8230;<\/a><\/p>\n","protected":false},"excerpt":{"rendered":"<div class=\"media_block\"><img decoding=\"async\" src=\"https:\/\/www.evearly.news\/fr\/wp-content\/uploads\/sites\/6\/2025\/10\/futures-peugeot-208-3-opel-corsa-7-et-ds-n3-portraits-des-rivales-des-renault-clio-6-r5-e-tech-et-alpine-a290.jpg\"><\/div>\n<p> <a class=\"continue-reading-link\" href=\"https:\/\/www.evearly.news\/fr\/futures-peugeot-208-3-opel-corsa-7-et-ds-n3-portraits-des-rivales-des-renault-clio-6-r5-e-tech-et-alpine-a290\/\"><\/a><\/p>\n","protected":false},"author":7,"featured_media":310773,"comment_status":"closed","ping_status":"open","sticky":false,"template":"Default","format":"standard","meta":{"footnotes":""},"categories":[7],"tags":[],"class_list":["post-310772","post","type-post","status-publish","format-standard","has-post-thumbnail","hentry","category-automobile-magazine"],"_links":{"self":[{"href":"https:\/\/www.evearly.news\/fr\/wp-json\/wp\/v2\/posts\/310772","targetHints":{"allow":["GET"]}}],"collection":[{"href":"https:\/\/www.evearly.news\/fr\/wp-json\/wp\/v2\/posts"}],"about":[{"href":"https:\/\/www.evearly.news\/fr\/wp-json\/wp\/v2\/types\/post"}],"author":[{"embeddable":true,"href":"https:\/\/www.evearly.news\/fr\/wp-json\/wp\/v2\/users\/7"}],"replies":[{"embeddable":true,"href":"https:\/\/www.evearly.news\/fr\/wp-json\/wp\/v2\/comments?post=310772"}],"version-history":[{"count":0,"href":"https:\/\/www.evearly.news\/fr\/wp-json\/wp\/v2\/posts\/310772\/revisions"}],"wp:featuredmedia":[{"embeddable":true,"href":"https:\/\/www.evearly.news\/fr\/wp-json\/wp\/v2\/media\/310773"}],"wp:attachment":[{"href":"https:\/\/www.evearly.news\/fr\/wp-json\/wp\/v2\/media?parent=310772"}],"wp:term":[{"taxonomy":"category","embeddable":true,"href":"https:\/\/www.evearly.news\/fr\/wp-json\/wp\/v2\/categories?post=310772"},{"taxonomy":"post_tag","embeddable":true,"href":"https:\/\/www.evearly.news\/fr\/wp-json\/wp\/v2\/tags?post=310772"}],"curies":[{"name":"wp","href":"https:\/\/api.w.org\/{rel}","templated":true}]}}