{"id":310780,"date":"2025-10-19T08:22:09","date_gmt":"2025-10-19T06:22:09","guid":{"rendered":"https:\/\/www.evearly.news\/fr\/futur-mercedes-gla-2026-le-suv-n1-des-ventes-de-mercedes-prepare-son-nouveau-visage\/"},"modified":"2025-10-19T08:22:09","modified_gmt":"2025-10-19T06:22:09","slug":"futur-mercedes-gla-2026-le-suv-n1-des-ventes-de-mercedes-prepare-son-nouveau-visage","status":"publish","type":"post","link":"https:\/\/www.evearly.news\/fr\/futur-mercedes-gla-2026-le-suv-n1-des-ventes-de-mercedes-prepare-son-nouveau-visage\/","title":{"rendered":"Futur Mercedes GLA 2026 : le SUV n\u00b01 des ventes de Mercedes pr\u00e9pare son nouveau visage"},"content":{"rendered":"<p><img decoding=\"async\" src=\"https:\/\/www.evearly.news\/fr\/wp-content\/uploads\/sites\/6\/2025\/10\/futur-mercedes-gla-2026-le-suv-n1-des-ventes-de-mercedes-prepare-son-nouveau-visage.webp\" alt=\"auto-moto\"><br \/>V\u00e9ritable carton commercial, le Mercedes GLA s\u2019appr\u00eate \u00e0 passer la main \u00e0 un nouvel opus \u00e0 la personnalit\u00e9 d\u00e9doubl\u00e9e. Explications. <a href=https:\/\/www.auto-moto.com\/suv\/futur-mercedes-gla-2026-le-suv-n1-des-ventes-de-mercedes-prepare-son-nouveau-visage-65123 target=blank>Lire la suite&#8230;<\/a><\/p>\n","protected":false},"excerpt":{"rendered":"<p>V\u00e9ritable carton commercial, le Mercedes GLA s\u2019appr\u00eate \u00e0 passer la main \u00e0 un nouvel opus \u00e0 la personnalit\u00e9 d\u00e9doubl\u00e9e. Explications&#8230;. <a class=\"continue-reading-link\" href=\"https:\/\/www.evearly.news\/fr\/futur-mercedes-gla-2026-le-suv-n1-des-ventes-de-mercedes-prepare-son-nouveau-visage\/\"><\/a><\/p>\n","protected":false},"author":9,"featured_media":310781,"comment_status":"closed","ping_status":"open","sticky":false,"template":"Default","format":"standard","meta":{"footnotes":""},"categories":[10],"tags":[],"class_list":["post-310780","post","type-post","status-publish","format-standard","has-post-thumbnail","hentry","category-auto-moto-com"],"_links":{"self":[{"href":"https:\/\/www.evearly.news\/fr\/wp-json\/wp\/v2\/posts\/310780","targetHints":{"allow":["GET"]}}],"collection":[{"href":"https:\/\/www.evearly.news\/fr\/wp-json\/wp\/v2\/posts"}],"about":[{"href":"https:\/\/www.evearly.news\/fr\/wp-json\/wp\/v2\/types\/post"}],"author":[{"embeddable":true,"href":"https:\/\/www.evearly.news\/fr\/wp-json\/wp\/v2\/users\/9"}],"replies":[{"embeddable":true,"href":"https:\/\/www.evearly.news\/fr\/wp-json\/wp\/v2\/comments?post=310780"}],"version-history":[{"count":0,"href":"https:\/\/www.evearly.news\/fr\/wp-json\/wp\/v2\/posts\/310780\/revisions"}],"wp:featuredmedia":[{"embeddable":true,"href":"https:\/\/www.evearly.news\/fr\/wp-json\/wp\/v2\/media\/310781"}],"wp:attachment":[{"href":"https:\/\/www.evearly.news\/fr\/wp-json\/wp\/v2\/media?parent=310780"}],"wp:term":[{"taxonomy":"category","embeddable":true,"href":"https:\/\/www.evearly.news\/fr\/wp-json\/wp\/v2\/categories?post=310780"},{"taxonomy":"post_tag","embeddable":true,"href":"https:\/\/www.evearly.news\/fr\/wp-json\/wp\/v2\/tags?post=310780"}],"curies":[{"name":"wp","href":"https:\/\/api.w.org\/{rel}","templated":true}]}}