{"id":310796,"date":"2025-10-19T14:00:05","date_gmt":"2025-10-19T12:00:05","guid":{"rendered":"https:\/\/www.evearly.news\/fr\/heures-creuses-pour-lelectricite-a-partir-du-1er-novembre-recharger-sa-voiture-la-nuit-ne-sera-plus-forcement-une-bonne-affaire\/"},"modified":"2025-10-19T14:00:05","modified_gmt":"2025-10-19T12:00:05","slug":"heures-creuses-pour-lelectricite-a-partir-du-1er-novembre-recharger-sa-voiture-la-nuit-ne-sera-plus-forcement-une-bonne-affaire","status":"publish","type":"post","link":"https:\/\/www.evearly.news\/fr\/heures-creuses-pour-lelectricite-a-partir-du-1er-novembre-recharger-sa-voiture-la-nuit-ne-sera-plus-forcement-une-bonne-affaire\/","title":{"rendered":"Heures creuses pour l&rsquo;\u00e9lectricit\u00e9 : \u00e0 partir du 1er novembre, recharger sa voiture la nuit ne sera plus forc\u00e9ment une bonne affaire"},"content":{"rendered":"<div class=\"media_block\"><img decoding=\"async\" src=\"https:\/\/www.evearly.news\/fr\/wp-content\/uploads\/sites\/6\/2025\/10\/heures-creuses-pour-lelectricite-a-partir-du-1er-novembre-recharger-sa-voiture-la-nuit-ne-sera-plus-forcement-une-bonne-affaire.jpg\"><\/div>\n<p>\u00c0 partir du 1er novembre, la r\u00e9forme des heures creuses entre en vigueur. L\u2019\u00e9lectricit\u00e9 moins ch\u00e8re ne sera plus forc\u00e9ment la nuit, mais parfois en plein apr\u00e8s-midi. Un gros changement pour les conducteurs de voitures \u00e9lectriques, qui vont devoir revoir leurs habitudes. Et peut-\u00eatre leurs contrats.\u00a0 <a href=https:\/\/www.automobile-magazine.fr\/toute-l-actualite\/article\/49767-heures-creuses-pour-lelectricite-a-partir-du-1er-novembre-recharger-sa-voiture-la-nuit-ne-sera-plus-forcement-une-bonne-affaire target='bwindow'>Lire la suite&#8230;<\/a><\/p>\n","protected":false},"excerpt":{"rendered":"<div class=\"media_block\"><img decoding=\"async\" src=\"https:\/\/www.evearly.news\/fr\/wp-content\/uploads\/sites\/6\/2025\/10\/heures-creuses-pour-lelectricite-a-partir-du-1er-novembre-recharger-sa-voiture-la-nuit-ne-sera-plus-forcement-une-bonne-affaire.jpg\"><\/div>\n<p> <a class=\"continue-reading-link\" href=\"https:\/\/www.evearly.news\/fr\/heures-creuses-pour-lelectricite-a-partir-du-1er-novembre-recharger-sa-voiture-la-nuit-ne-sera-plus-forcement-une-bonne-affaire\/\"><\/a><\/p>\n","protected":false},"author":7,"featured_media":310797,"comment_status":"closed","ping_status":"open","sticky":false,"template":"Default","format":"standard","meta":{"footnotes":""},"categories":[7],"tags":[],"class_list":["post-310796","post","type-post","status-publish","format-standard","has-post-thumbnail","hentry","category-automobile-magazine"],"_links":{"self":[{"href":"https:\/\/www.evearly.news\/fr\/wp-json\/wp\/v2\/posts\/310796","targetHints":{"allow":["GET"]}}],"collection":[{"href":"https:\/\/www.evearly.news\/fr\/wp-json\/wp\/v2\/posts"}],"about":[{"href":"https:\/\/www.evearly.news\/fr\/wp-json\/wp\/v2\/types\/post"}],"author":[{"embeddable":true,"href":"https:\/\/www.evearly.news\/fr\/wp-json\/wp\/v2\/users\/7"}],"replies":[{"embeddable":true,"href":"https:\/\/www.evearly.news\/fr\/wp-json\/wp\/v2\/comments?post=310796"}],"version-history":[{"count":0,"href":"https:\/\/www.evearly.news\/fr\/wp-json\/wp\/v2\/posts\/310796\/revisions"}],"wp:featuredmedia":[{"embeddable":true,"href":"https:\/\/www.evearly.news\/fr\/wp-json\/wp\/v2\/media\/310797"}],"wp:attachment":[{"href":"https:\/\/www.evearly.news\/fr\/wp-json\/wp\/v2\/media?parent=310796"}],"wp:term":[{"taxonomy":"category","embeddable":true,"href":"https:\/\/www.evearly.news\/fr\/wp-json\/wp\/v2\/categories?post=310796"},{"taxonomy":"post_tag","embeddable":true,"href":"https:\/\/www.evearly.news\/fr\/wp-json\/wp\/v2\/tags?post=310796"}],"curies":[{"name":"wp","href":"https:\/\/api.w.org\/{rel}","templated":true}]}}