{"id":310800,"date":"2025-10-19T14:54:57","date_gmt":"2025-10-19T12:54:57","guid":{"rendered":"https:\/\/www.evearly.news\/fr\/avec-ou-sans-prolongateur-dautonomie-ce-suv-electrique-bat-des-records-de-taille-de-batterie\/"},"modified":"2025-10-19T14:54:57","modified_gmt":"2025-10-19T12:54:57","slug":"avec-ou-sans-prolongateur-dautonomie-ce-suv-electrique-bat-des-records-de-taille-de-batterie","status":"publish","type":"post","link":"https:\/\/www.evearly.news\/fr\/avec-ou-sans-prolongateur-dautonomie-ce-suv-electrique-bat-des-records-de-taille-de-batterie\/","title":{"rendered":"Avec ou sans prolongateur d\u2019autonomie, ce SUV \u00e9lectrique bat des records de taille de batterie"},"content":{"rendered":"<p><img loading=\"lazy\" decoding=\"async\" width=\"500\" height=\"333\" src=\"https:\/\/www.evearly.news\/fr\/wp-content\/uploads\/sites\/6\/2025\/10\/avec-ou-sans-prolongateur-dautonomie-ce-suv-electrique-bat-des-records-de-taille-de-batterie.jpg\" class=\"attachment-1200x800 size-1200x800 wp-post-image\" alt=\"Leapmotor D19\" srcset=\"https:\/\/www.evearly.news\/fr\/wp-content\/uploads\/sites\/6\/2025\/10\/avec-ou-sans-prolongateur-dautonomie-ce-suv-electrique-bat-des-records-de-taille-de-batterie.jpg 800w, https:\/\/www.evearly.news\/fr\/wp-content\/uploads\/sites\/6\/2025\/10\/avec-ou-sans-prolongateur-dautonomie-ce-suv-electrique-bat-des-records-de-taille-de-batterie-1.jpg 768w, https:\/\/cdn.automobile-propre.com\/uploads\/2025\/10\/Leapmotor_D19_05-1-620x389.jpg 620w\" sizes=\"auto, (max-width: 800px) 100vw, 800px\" \/><br \/>\nPour l&rsquo;Europe, Leapmotor descend en gamme avec les B10 et B05. Mais pour son march\u00e9 national, voici \u00e0 pr\u00e9sent la famille D qui d\u00e9marre avec l&rsquo;\u00e9norme SUV D19 qui poss\u00e8de la plus grosse batterie du march\u00e9 pour un mod\u00e8le \u00e0 prolongateur d&rsquo;autonomie.\u00a0<a href=https:\/\/www.automobile-propre.com\/articles\/avec-ou-sans-prolongateur-dautonomie-ce-suv-electrique-bat-des-records-de-taille-de-batterie\/ target='bwindow'>Lire la suite&#8230;<\/a><\/p>\n","protected":false},"excerpt":{"rendered":"<p>&#8230; <a class=\"continue-reading-link\" href=\"https:\/\/www.evearly.news\/fr\/avec-ou-sans-prolongateur-dautonomie-ce-suv-electrique-bat-des-records-de-taille-de-batterie\/\"><\/a><\/p>\n","protected":false},"author":8,"featured_media":310801,"comment_status":"closed","ping_status":"open","sticky":false,"template":"Default","format":"standard","meta":{"footnotes":""},"categories":[8],"tags":[],"class_list":["post-310800","post","type-post","status-publish","format-standard","has-post-thumbnail","hentry","category-automobile-propre"],"_links":{"self":[{"href":"https:\/\/www.evearly.news\/fr\/wp-json\/wp\/v2\/posts\/310800","targetHints":{"allow":["GET"]}}],"collection":[{"href":"https:\/\/www.evearly.news\/fr\/wp-json\/wp\/v2\/posts"}],"about":[{"href":"https:\/\/www.evearly.news\/fr\/wp-json\/wp\/v2\/types\/post"}],"author":[{"embeddable":true,"href":"https:\/\/www.evearly.news\/fr\/wp-json\/wp\/v2\/users\/8"}],"replies":[{"embeddable":true,"href":"https:\/\/www.evearly.news\/fr\/wp-json\/wp\/v2\/comments?post=310800"}],"version-history":[{"count":0,"href":"https:\/\/www.evearly.news\/fr\/wp-json\/wp\/v2\/posts\/310800\/revisions"}],"wp:featuredmedia":[{"embeddable":true,"href":"https:\/\/www.evearly.news\/fr\/wp-json\/wp\/v2\/media\/310801"}],"wp:attachment":[{"href":"https:\/\/www.evearly.news\/fr\/wp-json\/wp\/v2\/media?parent=310800"}],"wp:term":[{"taxonomy":"category","embeddable":true,"href":"https:\/\/www.evearly.news\/fr\/wp-json\/wp\/v2\/categories?post=310800"},{"taxonomy":"post_tag","embeddable":true,"href":"https:\/\/www.evearly.news\/fr\/wp-json\/wp\/v2\/tags?post=310800"}],"curies":[{"name":"wp","href":"https:\/\/api.w.org\/{rel}","templated":true}]}}