{"id":310806,"date":"2025-10-19T16:54:21","date_gmt":"2025-10-19T14:54:21","guid":{"rendered":"https:\/\/www.evearly.news\/fr\/qui-est-ce-geant-chinois-du-bus-electrique-qui-simpose-discretement-en-europe\/"},"modified":"2025-10-19T16:54:21","modified_gmt":"2025-10-19T14:54:21","slug":"qui-est-ce-geant-chinois-du-bus-electrique-qui-simpose-discretement-en-europe","status":"publish","type":"post","link":"https:\/\/www.evearly.news\/fr\/qui-est-ce-geant-chinois-du-bus-electrique-qui-simpose-discretement-en-europe\/","title":{"rendered":"Qui est ce g\u00e9ant chinois du bus \u00e9lectrique qui s\u2019impose discr\u00e8tement en Europe ?"},"content":{"rendered":"<p><img decoding=\"async\" width=\"500\" height=\"333\" src=\"https:\/\/www.evearly.news\/fr\/wp-content\/uploads\/sites\/6\/2025\/10\/qui-est-ce-geant-chinois-du-bus-electrique-qui-simpose-discretement-en-europe.webp\" class=\"attachment-1200x800 size-1200x800 wp-post-image\" alt=\"\" loading=\"lazy\" srcset=\"https:\/\/www.evearly.news\/fr\/wp-content\/uploads\/sites\/6\/2025\/10\/qui-est-ce-geant-chinois-du-bus-electrique-qui-simpose-discretement-en-europe.webp 1400w, https:\/\/www.evearly.news\/fr\/wp-content\/uploads\/sites\/6\/2025\/10\/qui-est-ce-geant-chinois-du-bus-electrique-qui-simpose-discretement-en-europe-1.webp 1024w, https:\/\/www.evearly.news\/fr\/wp-content\/uploads\/sites\/6\/2025\/10\/qui-est-ce-geant-chinois-du-bus-electrique-qui-simpose-discretement-en-europe-2.webp 140w, https:\/\/www.evearly.news\/fr\/wp-content\/uploads\/sites\/6\/2025\/10\/qui-est-ce-geant-chinois-du-bus-electrique-qui-simpose-discretement-en-europe-3.webp 768w, https:\/\/www.evearly.news\/fr\/wp-content\/uploads\/sites\/6\/2025\/10\/qui-est-ce-geant-chinois-du-bus-electrique-qui-simpose-discretement-en-europe-4.webp 620w, https:\/\/www.evearly.news\/fr\/wp-content\/uploads\/sites\/6\/2025\/10\/qui-est-ce-geant-chinois-du-bus-electrique-qui-simpose-discretement-en-europe-5.webp 100w, https:\/\/www.evearly.news\/fr\/wp-content\/uploads\/sites\/6\/2025\/10\/qui-est-ce-geant-chinois-du-bus-electrique-qui-simpose-discretement-en-europe-6.webp 190w, https:\/\/cdn.automobile-propre.com\/uploads\/2025\/10\/yutong-ic12e-electric-buses-intercity-bus-cropped-1400x933.jpeg-1-600x400.webp 600w\" sizes=\"auto, (max-width: 1200px) 100vw, 1200px\" \/><br \/>\nYutong renforce sa pr\u00e9sence en Europe. Le g\u00e9ant chinois du bus \u00e9lectrique tente de d\u00e9cupler ses capacit\u00e9s sur le Vieux\u2026\u00a0<a href=https:\/\/www.automobile-propre.com\/articles\/qui-est-ce-geant-chinois-du-bus-electrique-qui-simpose-discretement-en-europe\/ target='bwindow'>Lire la suite&#8230;<\/a><\/p>\n","protected":false},"excerpt":{"rendered":"<p>&#8230; <a class=\"continue-reading-link\" href=\"https:\/\/www.evearly.news\/fr\/qui-est-ce-geant-chinois-du-bus-electrique-qui-simpose-discretement-en-europe\/\"><\/a><\/p>\n","protected":false},"author":8,"featured_media":310807,"comment_status":"closed","ping_status":"open","sticky":false,"template":"Default","format":"standard","meta":{"footnotes":""},"categories":[8],"tags":[],"class_list":["post-310806","post","type-post","status-publish","format-standard","has-post-thumbnail","hentry","category-automobile-propre"],"_links":{"self":[{"href":"https:\/\/www.evearly.news\/fr\/wp-json\/wp\/v2\/posts\/310806","targetHints":{"allow":["GET"]}}],"collection":[{"href":"https:\/\/www.evearly.news\/fr\/wp-json\/wp\/v2\/posts"}],"about":[{"href":"https:\/\/www.evearly.news\/fr\/wp-json\/wp\/v2\/types\/post"}],"author":[{"embeddable":true,"href":"https:\/\/www.evearly.news\/fr\/wp-json\/wp\/v2\/users\/8"}],"replies":[{"embeddable":true,"href":"https:\/\/www.evearly.news\/fr\/wp-json\/wp\/v2\/comments?post=310806"}],"version-history":[{"count":0,"href":"https:\/\/www.evearly.news\/fr\/wp-json\/wp\/v2\/posts\/310806\/revisions"}],"wp:featuredmedia":[{"embeddable":true,"href":"https:\/\/www.evearly.news\/fr\/wp-json\/wp\/v2\/media\/310807"}],"wp:attachment":[{"href":"https:\/\/www.evearly.news\/fr\/wp-json\/wp\/v2\/media?parent=310806"}],"wp:term":[{"taxonomy":"category","embeddable":true,"href":"https:\/\/www.evearly.news\/fr\/wp-json\/wp\/v2\/categories?post=310806"},{"taxonomy":"post_tag","embeddable":true,"href":"https:\/\/www.evearly.news\/fr\/wp-json\/wp\/v2\/tags?post=310806"}],"curies":[{"name":"wp","href":"https:\/\/api.w.org\/{rel}","templated":true}]}}