{"id":310812,"date":"2025-10-20T08:53:15","date_gmt":"2025-10-20T06:53:15","guid":{"rendered":"https:\/\/www.evearly.news\/fr\/ventes-de-voitures-electriques-en-berne-renault-va-t-il-faire-marche-arriere-avec-les-megane-et-scenic\/"},"modified":"2025-10-20T08:53:15","modified_gmt":"2025-10-20T06:53:15","slug":"ventes-de-voitures-electriques-en-berne-renault-va-t-il-faire-marche-arriere-avec-les-megane-et-scenic","status":"publish","type":"post","link":"https:\/\/www.evearly.news\/fr\/ventes-de-voitures-electriques-en-berne-renault-va-t-il-faire-marche-arriere-avec-les-megane-et-scenic\/","title":{"rendered":"Ventes de voitures \u00e9lectriques en berne : Renault va-t-il faire marche arri\u00e8re avec les Megane et Sc\u00e9nic ?"},"content":{"rendered":"<p><img decoding=\"async\" width=\"500\" height=\"333\" src=\"https:\/\/www.evearly.news\/fr\/wp-content\/uploads\/sites\/6\/2025\/10\/ventes-de-voitures-electriques-en-berne-renault-va-t-il-faire-marche-arriere-avec-les-megane-et-scenic.jpg\" class=\"attachment-1200x800 size-1200x800 wp-post-image\" alt=\"\" loading=\"lazy\" srcset=\"https:\/\/www.evearly.news\/fr\/wp-content\/uploads\/sites\/6\/2025\/10\/ventes-de-voitures-electriques-en-berne-renault-va-t-il-faire-marche-arriere-avec-les-megane-et-scenic.jpg 1200w, https:\/\/www.evearly.news\/fr\/wp-content\/uploads\/sites\/6\/2025\/10\/ventes-de-voitures-electriques-en-berne-renault-va-t-il-faire-marche-arriere-avec-les-megane-et-scenic-1.jpg 1024w, https:\/\/www.evearly.news\/fr\/wp-content\/uploads\/sites\/6\/2025\/10\/ventes-de-voitures-electriques-en-berne-renault-va-t-il-faire-marche-arriere-avec-les-megane-et-scenic-2.jpg 140w, https:\/\/www.evearly.news\/fr\/wp-content\/uploads\/sites\/6\/2025\/10\/ventes-de-voitures-electriques-en-berne-renault-va-t-il-faire-marche-arriere-avec-les-megane-et-scenic-3.jpg 768w, https:\/\/www.evearly.news\/fr\/wp-content\/uploads\/sites\/6\/2025\/10\/ventes-de-voitures-electriques-en-berne-renault-va-t-il-faire-marche-arriere-avec-les-megane-et-scenic-4.jpg 620w, https:\/\/www.evearly.news\/fr\/wp-content\/uploads\/sites\/6\/2025\/10\/ventes-de-voitures-electriques-en-berne-renault-va-t-il-faire-marche-arriere-avec-les-megane-et-scenic-5.jpg 100w, https:\/\/www.evearly.news\/fr\/wp-content\/uploads\/sites\/6\/2025\/10\/ventes-de-voitures-electriques-en-berne-renault-va-t-il-faire-marche-arriere-avec-les-megane-et-scenic-6.jpg 190w, https:\/\/cdn.automobile-propre.com\/uploads\/2025\/06\/Essai-Supertest-30c-Renault-Scenic-e-Tech-10-600x400.jpg 600w\" sizes=\"auto, (max-width: 1200px) 100vw, 1200px\" \/><br \/>\nSelon Les \u00c9chos, Renault songe \u00e0 lancer des versions thermiques de mod\u00e8les pens\u00e9s \u00e0 l&rsquo;origine pour \u00eatre uniquement \u00e9lectriques !\u2026\u00a0<a href=https:\/\/www.automobile-propre.com\/articles\/ventes-de-voitures-electriques-en-berne-renault-va-t-il-faire-marche-arriere-avec-les-megane-et-scenic\/ target='bwindow'>Lire la suite&#8230;<\/a><\/p>\n","protected":false},"excerpt":{"rendered":"<p>&#8230; <a class=\"continue-reading-link\" href=\"https:\/\/www.evearly.news\/fr\/ventes-de-voitures-electriques-en-berne-renault-va-t-il-faire-marche-arriere-avec-les-megane-et-scenic\/\"><\/a><\/p>\n","protected":false},"author":8,"featured_media":310813,"comment_status":"closed","ping_status":"open","sticky":false,"template":"Default","format":"standard","meta":{"footnotes":""},"categories":[8],"tags":[],"class_list":["post-310812","post","type-post","status-publish","format-standard","has-post-thumbnail","hentry","category-automobile-propre"],"_links":{"self":[{"href":"https:\/\/www.evearly.news\/fr\/wp-json\/wp\/v2\/posts\/310812","targetHints":{"allow":["GET"]}}],"collection":[{"href":"https:\/\/www.evearly.news\/fr\/wp-json\/wp\/v2\/posts"}],"about":[{"href":"https:\/\/www.evearly.news\/fr\/wp-json\/wp\/v2\/types\/post"}],"author":[{"embeddable":true,"href":"https:\/\/www.evearly.news\/fr\/wp-json\/wp\/v2\/users\/8"}],"replies":[{"embeddable":true,"href":"https:\/\/www.evearly.news\/fr\/wp-json\/wp\/v2\/comments?post=310812"}],"version-history":[{"count":0,"href":"https:\/\/www.evearly.news\/fr\/wp-json\/wp\/v2\/posts\/310812\/revisions"}],"wp:featuredmedia":[{"embeddable":true,"href":"https:\/\/www.evearly.news\/fr\/wp-json\/wp\/v2\/media\/310813"}],"wp:attachment":[{"href":"https:\/\/www.evearly.news\/fr\/wp-json\/wp\/v2\/media?parent=310812"}],"wp:term":[{"taxonomy":"category","embeddable":true,"href":"https:\/\/www.evearly.news\/fr\/wp-json\/wp\/v2\/categories?post=310812"},{"taxonomy":"post_tag","embeddable":true,"href":"https:\/\/www.evearly.news\/fr\/wp-json\/wp\/v2\/tags?post=310812"}],"curies":[{"name":"wp","href":"https:\/\/api.w.org\/{rel}","templated":true}]}}