{"id":310866,"date":"2025-10-20T18:23:44","date_gmt":"2025-10-20T16:23:44","guid":{"rendered":"https:\/\/www.evearly.news\/fr\/sans-aides-publiques-le-bmw-ix3-2025-depasse-deja-son-homologue-thermique-sur-son-propre-marche\/"},"modified":"2025-10-20T18:23:44","modified_gmt":"2025-10-20T16:23:44","slug":"sans-aides-publiques-le-bmw-ix3-2025-depasse-deja-son-homologue-thermique-sur-son-propre-marche","status":"publish","type":"post","link":"https:\/\/www.evearly.news\/fr\/sans-aides-publiques-le-bmw-ix3-2025-depasse-deja-son-homologue-thermique-sur-son-propre-marche\/","title":{"rendered":"Sans aides publiques, le BMW iX3 2025 d\u00e9passe d\u00e9j\u00e0 son homologue thermique sur son propre march\u00e9"},"content":{"rendered":"<div class=\"media_block\"><img decoding=\"async\" src=\"https:\/\/www.evearly.news\/fr\/wp-content\/uploads\/sites\/6\/2025\/10\/sans-aides-publiques-le-bmw-ix3-2025-depasse-deja-son-homologue-thermique-sur-son-propre-marche.jpg\"><\/div>\n<p>Premier mod\u00e8le de la Neue\u202fKlasse, le BMW\u202fiX3 conna\u00eet un d\u00e9marrage fulgurant\u202f: en six\u202fsemaines\u202f\u00e0 peine, le nouveau SUV \u00e9lectrique de BMW a d\u00e9clench\u00e9 une ru\u00e9e inattendue sur le march\u00e9 allemand, au point de surpasser son homologue thermique. Avec sa plateforme\u202f800\u202fV, ses\u202f470\u202fch, une autonomie de\u202f805\u202fkm\u202fWLTP et un design au cordeau, le SUV bavarois semble d\u00e9passer les esp\u00e9rances du constructeur. <a href=https:\/\/www.automobile-magazine.fr\/voitures-electriques\/article\/49840-sans-aides-publiques-le-bmw-ix3-2025-depasse-deja-son-homologue-thermique-sur-son-propre-marche target='bwindow'>Lire la suite&#8230;<\/a><\/p>\n","protected":false},"excerpt":{"rendered":"<div class=\"media_block\"><img decoding=\"async\" src=\"https:\/\/www.evearly.news\/fr\/wp-content\/uploads\/sites\/6\/2025\/10\/sans-aides-publiques-le-bmw-ix3-2025-depasse-deja-son-homologue-thermique-sur-son-propre-marche.jpg\"><\/div>\n<p> <a class=\"continue-reading-link\" href=\"https:\/\/www.evearly.news\/fr\/sans-aides-publiques-le-bmw-ix3-2025-depasse-deja-son-homologue-thermique-sur-son-propre-marche\/\"><\/a><\/p>\n","protected":false},"author":7,"featured_media":310867,"comment_status":"closed","ping_status":"open","sticky":false,"template":"Default","format":"standard","meta":{"footnotes":""},"categories":[7],"tags":[],"class_list":["post-310866","post","type-post","status-publish","format-standard","has-post-thumbnail","hentry","category-automobile-magazine"],"_links":{"self":[{"href":"https:\/\/www.evearly.news\/fr\/wp-json\/wp\/v2\/posts\/310866","targetHints":{"allow":["GET"]}}],"collection":[{"href":"https:\/\/www.evearly.news\/fr\/wp-json\/wp\/v2\/posts"}],"about":[{"href":"https:\/\/www.evearly.news\/fr\/wp-json\/wp\/v2\/types\/post"}],"author":[{"embeddable":true,"href":"https:\/\/www.evearly.news\/fr\/wp-json\/wp\/v2\/users\/7"}],"replies":[{"embeddable":true,"href":"https:\/\/www.evearly.news\/fr\/wp-json\/wp\/v2\/comments?post=310866"}],"version-history":[{"count":0,"href":"https:\/\/www.evearly.news\/fr\/wp-json\/wp\/v2\/posts\/310866\/revisions"}],"wp:featuredmedia":[{"embeddable":true,"href":"https:\/\/www.evearly.news\/fr\/wp-json\/wp\/v2\/media\/310867"}],"wp:attachment":[{"href":"https:\/\/www.evearly.news\/fr\/wp-json\/wp\/v2\/media?parent=310866"}],"wp:term":[{"taxonomy":"category","embeddable":true,"href":"https:\/\/www.evearly.news\/fr\/wp-json\/wp\/v2\/categories?post=310866"},{"taxonomy":"post_tag","embeddable":true,"href":"https:\/\/www.evearly.news\/fr\/wp-json\/wp\/v2\/tags?post=310866"}],"curies":[{"name":"wp","href":"https:\/\/api.w.org\/{rel}","templated":true}]}}