{"id":310869,"date":"2025-10-20T19:51:51","date_gmt":"2025-10-20T17:51:51","guid":{"rendered":"https:\/\/www.evearly.news\/fr\/nissan-fait-alliance-avec-une-marque-chinoise-pour-ameliorer-son-bilan-co2-en-europe\/"},"modified":"2025-10-20T19:51:51","modified_gmt":"2025-10-20T17:51:51","slug":"nissan-fait-alliance-avec-une-marque-chinoise-pour-ameliorer-son-bilan-co2-en-europe","status":"publish","type":"post","link":"https:\/\/www.evearly.news\/fr\/nissan-fait-alliance-avec-une-marque-chinoise-pour-ameliorer-son-bilan-co2-en-europe\/","title":{"rendered":"Nissan fait alliance avec une marque chinoise pour am\u00e9liorer son bilan CO2 en Europe"},"content":{"rendered":"<p><img loading=\"lazy\" decoding=\"async\" width=\"500\" height=\"333\" src=\"https:\/\/www.evearly.news\/fr\/wp-content\/uploads\/sites\/6\/2025\/10\/nissan-fait-alliance-avec-une-marque-chinoise-pour-ameliorer-son-bilan-co2-en-europe.jpg\" class=\"attachment-1200x800 size-1200x800 wp-post-image\" alt=\"\" srcset=\"https:\/\/www.evearly.news\/fr\/wp-content\/uploads\/sites\/6\/2025\/10\/nissan-fait-alliance-avec-une-marque-chinoise-pour-ameliorer-son-bilan-co2-en-europe.jpg 1920w, https:\/\/www.evearly.news\/fr\/wp-content\/uploads\/sites\/6\/2025\/10\/nissan-fait-alliance-avec-une-marque-chinoise-pour-ameliorer-son-bilan-co2-en-europe-1.jpg 1640w, https:\/\/www.evearly.news\/fr\/wp-content\/uploads\/sites\/6\/2025\/10\/nissan-fait-alliance-avec-une-marque-chinoise-pour-ameliorer-son-bilan-co2-en-europe-2.jpg 1024w, https:\/\/www.evearly.news\/fr\/wp-content\/uploads\/sites\/6\/2025\/10\/nissan-fait-alliance-avec-une-marque-chinoise-pour-ameliorer-son-bilan-co2-en-europe-3.jpg 768w, https:\/\/www.evearly.news\/fr\/wp-content\/uploads\/sites\/6\/2025\/10\/nissan-fait-alliance-avec-une-marque-chinoise-pour-ameliorer-son-bilan-co2-en-europe-4.jpg 1536w, https:\/\/cdn.automobile-propre.com\/uploads\/2025\/10\/Nissan-Leaf-2026-essai-voiture-electrique-11-620x349.jpg 620w\" sizes=\"auto, (max-width: 1200px) 100vw, 1200px\" \/><br \/>\nPour \u00e9viter les amendes impos\u00e9es par l&rsquo;Union europ\u00e9enne, Nissan a d\u00e9cid\u00e9 de s&rsquo;allier au g\u00e9ant chinois BYD. Le constructeur japonais va regrouper ses \u00e9missions de CO2 avec celles de la firme de Shenzhen.\u00a0<a href=https:\/\/www.automobile-propre.com\/breves\/nissan-fait-alliance-avec-une-marque-chinoise-pour-reduire-son-bilan-co2-en-europe-devinez-laquelle\/ target='bwindow'>Lire la suite&#8230;<\/a><\/p>\n","protected":false},"excerpt":{"rendered":"<p>&#8230; <a class=\"continue-reading-link\" href=\"https:\/\/www.evearly.news\/fr\/nissan-fait-alliance-avec-une-marque-chinoise-pour-ameliorer-son-bilan-co2-en-europe\/\"><\/a><\/p>\n","protected":false},"author":8,"featured_media":310870,"comment_status":"closed","ping_status":"open","sticky":false,"template":"Default","format":"standard","meta":{"footnotes":""},"categories":[8],"tags":[],"class_list":["post-310869","post","type-post","status-publish","format-standard","has-post-thumbnail","hentry","category-automobile-propre"],"_links":{"self":[{"href":"https:\/\/www.evearly.news\/fr\/wp-json\/wp\/v2\/posts\/310869","targetHints":{"allow":["GET"]}}],"collection":[{"href":"https:\/\/www.evearly.news\/fr\/wp-json\/wp\/v2\/posts"}],"about":[{"href":"https:\/\/www.evearly.news\/fr\/wp-json\/wp\/v2\/types\/post"}],"author":[{"embeddable":true,"href":"https:\/\/www.evearly.news\/fr\/wp-json\/wp\/v2\/users\/8"}],"replies":[{"embeddable":true,"href":"https:\/\/www.evearly.news\/fr\/wp-json\/wp\/v2\/comments?post=310869"}],"version-history":[{"count":0,"href":"https:\/\/www.evearly.news\/fr\/wp-json\/wp\/v2\/posts\/310869\/revisions"}],"wp:featuredmedia":[{"embeddable":true,"href":"https:\/\/www.evearly.news\/fr\/wp-json\/wp\/v2\/media\/310870"}],"wp:attachment":[{"href":"https:\/\/www.evearly.news\/fr\/wp-json\/wp\/v2\/media?parent=310869"}],"wp:term":[{"taxonomy":"category","embeddable":true,"href":"https:\/\/www.evearly.news\/fr\/wp-json\/wp\/v2\/categories?post=310869"},{"taxonomy":"post_tag","embeddable":true,"href":"https:\/\/www.evearly.news\/fr\/wp-json\/wp\/v2\/tags?post=310869"}],"curies":[{"name":"wp","href":"https:\/\/api.w.org\/{rel}","templated":true}]}}