{"id":310873,"date":"2025-10-20T19:05:25","date_gmt":"2025-10-20T17:05:25","guid":{"rendered":"https:\/\/www.evearly.news\/fr\/le-gouvernement-francais-veut-arreter-de-vous-aider-a-installer-une-borne-pour-voiture-electrique\/"},"modified":"2025-10-20T19:05:25","modified_gmt":"2025-10-20T17:05:25","slug":"le-gouvernement-francais-veut-arreter-de-vous-aider-a-installer-une-borne-pour-voiture-electrique","status":"publish","type":"post","link":"https:\/\/www.evearly.news\/fr\/le-gouvernement-francais-veut-arreter-de-vous-aider-a-installer-une-borne-pour-voiture-electrique\/","title":{"rendered":"Le gouvernement fran\u00e7ais veut arr\u00eater de vous aider \u00e0 installer une borne pour voiture \u00e9lectrique"},"content":{"rendered":"<p><img decoding=\"async\" src=\"https:\/\/www.evearly.news\/fr\/wp-content\/uploads\/sites\/6\/2025\/10\/le-gouvernement-francais-veut-arreter-de-vous-aider-a-installer-une-borne-pour-voiture-electrique.jpg\" alt=\"caradisiac\" ><br \/>Dans le projet de budget de 2026 port\u00e9 par le gouvernement, le cr\u00e9dit d\u2019imp\u00f4t allou\u00e9 \u00e0 l\u2019installation d\u2019une borne murale \u00e0 domicile pour charger sa voiture \u00e9lectrique doit dispara\u00eetre. Sans surprise, les professionnels du secteur critiquent cette mesure. <a href=https:\/\/www.caradisiac.com\/le-gouvernement-francais-veut-arreter-de-vous-aider-a-installer-une-borne-pour-voiture-electrique-218468.htm#xtor=RSS-40 target=blank>Lire la suite&#8230;<\/a><\/p>\n","protected":false},"excerpt":{"rendered":"<p><img decoding=\"async\" src=\"https:\/\/www.evearly.news\/fr\/wp-content\/uploads\/sites\/6\/2025\/10\/le-gouvernement-francais-veut-arreter-de-vous-aider-a-installer-une-borne-pour-voiture-electrique.jpg\" alt=\"caradisiac\"><br \/>Dans le projet de budget de 2026 port\u00e9 par le gouvernement, le cr\u00e9dit d\u2019imp\u00f4t allou\u00e9 \u00e0 l\u2019installation d\u2019une borne murale \u00e0 domicile pour charger sa voiture \u00e9lectrique doit dispara\u00eetre. Sans surprise, les professionnels du secteur critiquent cette mesure.<\/p>\n<p> <a class=\"continue-reading-link\" href=\"https:\/\/www.evearly.news\/fr\/le-gouvernement-francais-veut-arreter-de-vous-aider-a-installer-une-borne-pour-voiture-electrique\/\"><\/a><\/p>\n","protected":false},"author":11,"featured_media":310874,"comment_status":"closed","ping_status":"open","sticky":false,"template":"Default","format":"standard","meta":{"footnotes":""},"categories":[11],"tags":[],"class_list":["post-310873","post","type-post","status-publish","format-standard","has-post-thumbnail","hentry","category-caradisiac"],"_links":{"self":[{"href":"https:\/\/www.evearly.news\/fr\/wp-json\/wp\/v2\/posts\/310873","targetHints":{"allow":["GET"]}}],"collection":[{"href":"https:\/\/www.evearly.news\/fr\/wp-json\/wp\/v2\/posts"}],"about":[{"href":"https:\/\/www.evearly.news\/fr\/wp-json\/wp\/v2\/types\/post"}],"author":[{"embeddable":true,"href":"https:\/\/www.evearly.news\/fr\/wp-json\/wp\/v2\/users\/11"}],"replies":[{"embeddable":true,"href":"https:\/\/www.evearly.news\/fr\/wp-json\/wp\/v2\/comments?post=310873"}],"version-history":[{"count":0,"href":"https:\/\/www.evearly.news\/fr\/wp-json\/wp\/v2\/posts\/310873\/revisions"}],"wp:featuredmedia":[{"embeddable":true,"href":"https:\/\/www.evearly.news\/fr\/wp-json\/wp\/v2\/media\/310874"}],"wp:attachment":[{"href":"https:\/\/www.evearly.news\/fr\/wp-json\/wp\/v2\/media?parent=310873"}],"wp:term":[{"taxonomy":"category","embeddable":true,"href":"https:\/\/www.evearly.news\/fr\/wp-json\/wp\/v2\/categories?post=310873"},{"taxonomy":"post_tag","embeddable":true,"href":"https:\/\/www.evearly.news\/fr\/wp-json\/wp\/v2\/tags?post=310873"}],"curies":[{"name":"wp","href":"https:\/\/api.w.org\/{rel}","templated":true}]}}