{"id":310877,"date":"2025-10-20T23:59:49","date_gmt":"2025-10-20T21:59:49","guid":{"rendered":"https:\/\/www.evearly.news\/fr\/cette-moto-electrique-murtas-vendue-moins-de-7-000-e-integre-une-batterie-semi-solide\/"},"modified":"2025-10-20T23:59:49","modified_gmt":"2025-10-20T21:59:49","slug":"cette-moto-electrique-murtas-vendue-moins-de-7-000-e-integre-une-batterie-semi-solide","status":"publish","type":"post","link":"https:\/\/www.evearly.news\/fr\/cette-moto-electrique-murtas-vendue-moins-de-7-000-e-integre-une-batterie-semi-solide\/","title":{"rendered":"Cette moto \u00e9lectrique Murtas vendue moins de 7 000 \u20ac int\u00e8gre une batterie semi-solide"},"content":{"rendered":"<p><img loading=\"lazy\" width=\"1200\" height=\"675\" src=\"https:\/\/www.evearly.news\/fr\/wp-content\/uploads\/sites\/6\/2025\/10\/cette-moto-electrique-murtas-vendue-moins-de-7-000-e-integre-une-batterie-semi-solide.jpg\" class=\"attachment-full size-full wp-post-image\" alt=\"\" decoding=\"async\" \/<br \/>\nApr\u00e8s avoir lanc\u00e9 un scooter et un trail \u00e9lectriques, la jeune marque fran\u00e7aise Murtas Motorcycles d\u00e9voile un roadster, toujours \u00e9lectrique et \u00e9quivalent \u00e0 125 cm\u00b3. Et pour garantir un bon fonctionnement, l\u2019un des leaders mondiaux des batteries semi-solides a particip\u00e9 \u00e0 son d\u00e9veloppement.<br \/>\n <a href=https:\/\/www.frandroid.com\/survoltes\/moto\/2836741_cette-moto-electrique-murtas-vendue-moins-de-7-000-e-integre-une-batterie-semi-solide>Lire la suite&#8230;<\/a><\/p>\n","protected":false},"excerpt":{"rendered":"<p> <a class=\"continue-reading-link\" href=\"https:\/\/www.evearly.news\/fr\/cette-moto-electrique-murtas-vendue-moins-de-7-000-e-integre-une-batterie-semi-solide\/\"><\/a><\/p>\n","protected":false},"author":6,"featured_media":310878,"comment_status":"closed","ping_status":"open","sticky":false,"template":"Default","format":"standard","meta":{"footnotes":""},"categories":[6],"tags":[],"class_list":["post-310877","post","type-post","status-publish","format-standard","has-post-thumbnail","hentry","category-frandroid-moto"],"_links":{"self":[{"href":"https:\/\/www.evearly.news\/fr\/wp-json\/wp\/v2\/posts\/310877","targetHints":{"allow":["GET"]}}],"collection":[{"href":"https:\/\/www.evearly.news\/fr\/wp-json\/wp\/v2\/posts"}],"about":[{"href":"https:\/\/www.evearly.news\/fr\/wp-json\/wp\/v2\/types\/post"}],"author":[{"embeddable":true,"href":"https:\/\/www.evearly.news\/fr\/wp-json\/wp\/v2\/users\/6"}],"replies":[{"embeddable":true,"href":"https:\/\/www.evearly.news\/fr\/wp-json\/wp\/v2\/comments?post=310877"}],"version-history":[{"count":0,"href":"https:\/\/www.evearly.news\/fr\/wp-json\/wp\/v2\/posts\/310877\/revisions"}],"wp:featuredmedia":[{"embeddable":true,"href":"https:\/\/www.evearly.news\/fr\/wp-json\/wp\/v2\/media\/310878"}],"wp:attachment":[{"href":"https:\/\/www.evearly.news\/fr\/wp-json\/wp\/v2\/media?parent=310877"}],"wp:term":[{"taxonomy":"category","embeddable":true,"href":"https:\/\/www.evearly.news\/fr\/wp-json\/wp\/v2\/categories?post=310877"},{"taxonomy":"post_tag","embeddable":true,"href":"https:\/\/www.evearly.news\/fr\/wp-json\/wp\/v2\/tags?post=310877"}],"curies":[{"name":"wp","href":"https:\/\/api.w.org\/{rel}","templated":true}]}}