{"id":310882,"date":"2025-10-21T09:19:23","date_gmt":"2025-10-21T07:19:23","guid":{"rendered":"https:\/\/www.evearly.news\/fr\/vous-voulez-acheter-une-voiture-doccasion-depechez-vous-car-elle-coutera-plus-cher-lannee-prochaine-2\/"},"modified":"2025-10-21T09:19:23","modified_gmt":"2025-10-21T07:19:23","slug":"vous-voulez-acheter-une-voiture-doccasion-depechez-vous-car-elle-coutera-plus-cher-lannee-prochaine-2","status":"publish","type":"post","link":"https:\/\/www.evearly.news\/fr\/vous-voulez-acheter-une-voiture-doccasion-depechez-vous-car-elle-coutera-plus-cher-lannee-prochaine-2\/","title":{"rendered":"Vous voulez acheter une voiture d\u2019occasion\u00a0? D\u00e9p\u00eachez-vous car elle co\u00fbtera plus cher l\u2019ann\u00e9e prochaine\u00a0!"},"content":{"rendered":"<p><img width=\"1920\" height=\"1280\" src=\"https:\/\/www.presse-citron.net\/app\/uploads\/2025\/10\/Renault-Clio-1.jpg\" class=\"attachment-full size-full wp-post-image\" alt=\"Renault Clio\" decoding=\"async\" loading=\"lazy\" srcset=\"https:\/\/www.presse-citron.net\/app\/uploads\/2025\/10\/Renault-Clio-1.jpg 1920w, https:\/\/www.evearly.news\/fr\/wp-content\/uploads\/sites\/6\/2025\/10\/vous-voulez-acheter-une-voiture-doccasion-depechez-vous-car-elle-coutera-plus-cher-lannee-prochaine-1.jpg 384w, https:\/\/www.presse-citron.net\/app\/uploads\/2025\/10\/Renault-Clio-1-880x587.jpg 880w, https:\/\/www.evearly.news\/fr\/wp-content\/uploads\/sites\/6\/2025\/10\/vous-voulez-acheter-une-voiture-doccasion-depechez-vous-car-elle-coutera-plus-cher-lannee-prochaine-4.jpg 50w, https:\/\/www.evearly.news\/fr\/wp-content\/uploads\/sites\/6\/2025\/10\/vous-voulez-acheter-une-voiture-doccasion-depechez-vous-car-elle-coutera-plus-cher-lannee-prochaine-6.jpg 640w, https:\/\/www.evearly.news\/fr\/wp-content\/uploads\/sites\/6\/2025\/10\/vous-voulez-acheter-une-voiture-doccasion-depechez-vous-car-elle-coutera-plus-cher-lannee-prochaine-8.jpg 1280w, https:\/\/www.presse-citron.net\/app\/uploads\/2025\/10\/Renault-Clio-1-1632x1088.jpg 1632w\" sizes=\"auto, (max-width: 1920px) 100vw, 1920px\"><\/p>\n<p>Dans le cadre de la Loi Climat et R\u00e9silience, les v\u00e9hicules d\u2019occasion seront soumis au malus \u00e9cologique d\u00e8s le 1er janvier 2026. Quel montant devrez-vous d\u00e9bourser pour vous offrir votre nouvelle voiture ?<a href=\"https:\/\/www.presse-citron.net\/vous-voulez-acheter-une-voiture-doccasion-depechez-vous-car-elle-coutera-plus-cher-lannee-prochaine\/\" target=blank> Lire la suite&#8230;<\/a><\/p>\n","protected":false},"excerpt":{"rendered":"<p>Dans le cadre de la Loi Climat et R\u00e9silience, les v\u00e9hicules d\u2019occasion seront soumis au malus \u00e9cologique d\u00e8s le 1er janvier 2026. Quel montant devrez-vous d\u00e9bourser pour vous offrir votre nouvelle voiture ?&#8230; <a class=\"continue-reading-link\" href=\"https:\/\/www.evearly.news\/fr\/vous-voulez-acheter-une-voiture-doccasion-depechez-vous-car-elle-coutera-plus-cher-lannee-prochaine-2\/\"><\/a><\/p>\n","protected":false},"author":18,"featured_media":310883,"comment_status":"closed","ping_status":"open","sticky":false,"template":"Default","format":"standard","meta":{"footnotes":""},"categories":[19],"tags":[],"class_list":["post-310882","post","type-post","status-publish","format-standard","has-post-thumbnail","hentry","category-presse-citron"],"_links":{"self":[{"href":"https:\/\/www.evearly.news\/fr\/wp-json\/wp\/v2\/posts\/310882","targetHints":{"allow":["GET"]}}],"collection":[{"href":"https:\/\/www.evearly.news\/fr\/wp-json\/wp\/v2\/posts"}],"about":[{"href":"https:\/\/www.evearly.news\/fr\/wp-json\/wp\/v2\/types\/post"}],"author":[{"embeddable":true,"href":"https:\/\/www.evearly.news\/fr\/wp-json\/wp\/v2\/users\/18"}],"replies":[{"embeddable":true,"href":"https:\/\/www.evearly.news\/fr\/wp-json\/wp\/v2\/comments?post=310882"}],"version-history":[{"count":0,"href":"https:\/\/www.evearly.news\/fr\/wp-json\/wp\/v2\/posts\/310882\/revisions"}],"wp:featuredmedia":[{"embeddable":true,"href":"https:\/\/www.evearly.news\/fr\/wp-json\/wp\/v2\/media\/310883"}],"wp:attachment":[{"href":"https:\/\/www.evearly.news\/fr\/wp-json\/wp\/v2\/media?parent=310882"}],"wp:term":[{"taxonomy":"category","embeddable":true,"href":"https:\/\/www.evearly.news\/fr\/wp-json\/wp\/v2\/categories?post=310882"},{"taxonomy":"post_tag","embeddable":true,"href":"https:\/\/www.evearly.news\/fr\/wp-json\/wp\/v2\/tags?post=310882"}],"curies":[{"name":"wp","href":"https:\/\/api.w.org\/{rel}","templated":true}]}}