{"id":310885,"date":"2025-10-21T09:20:14","date_gmt":"2025-10-21T07:20:14","guid":{"rendered":"https:\/\/www.evearly.news\/fr\/essai-volvo-es90-lelectrique-qui-donne-envie-de-voyager-loin\/"},"modified":"2025-10-21T09:20:14","modified_gmt":"2025-10-21T07:20:14","slug":"essai-volvo-es90-lelectrique-qui-donne-envie-de-voyager-loin","status":"publish","type":"post","link":"https:\/\/www.evearly.news\/fr\/essai-volvo-es90-lelectrique-qui-donne-envie-de-voyager-loin\/","title":{"rendered":"Essai Volvo ES90 : l&rsquo;\u00e9lectrique qui donne envie de voyager loin"},"content":{"rendered":"<div class=\"media_block\"><img decoding=\"async\" src=\"https:\/\/www.evearly.news\/fr\/wp-content\/uploads\/sites\/6\/2025\/10\/essai-volvo-es90-lelectrique-qui-donne-envie-de-voyager-loin.jpg\"><\/div>\n<p>Volvo et les berlines, c\u2019est une histoire d\u2019amour. Dans sa course \u00e0 l\u2019\u00e9lectrification, la marque su\u00e9doise se devait donc de revenir avec une berline \u00e9l\u00e9gante et raffin\u00e9e pour faire honneur \u00e0 son histoire. Voici donc l\u2019ES90, amenant avec elle son lot de nouveaut\u00e9s technologique, \u00e0 commencer par une plateforme fonctionnant en 800V. De quoi garantir des charges ultra rapides pour celle qui se veut \u00eatre une voyageuse accomplie. <a href=https:\/\/www.automobile-magazine.fr\/tous-les-essais\/article\/49844-essai-volvo-es90-lelectrique-qui-donne-envie-de-voyager-loin target='bwindow'>Lire la suite&#8230;<\/a><\/p>\n","protected":false},"excerpt":{"rendered":"<div class=\"media_block\"><img decoding=\"async\" src=\"https:\/\/www.evearly.news\/fr\/wp-content\/uploads\/sites\/6\/2025\/10\/essai-volvo-es90-lelectrique-qui-donne-envie-de-voyager-loin.jpg\"><\/div>\n<p> <a class=\"continue-reading-link\" href=\"https:\/\/www.evearly.news\/fr\/essai-volvo-es90-lelectrique-qui-donne-envie-de-voyager-loin\/\"><\/a><\/p>\n","protected":false},"author":7,"featured_media":310886,"comment_status":"closed","ping_status":"open","sticky":false,"template":"Default","format":"standard","meta":{"footnotes":""},"categories":[7],"tags":[],"class_list":["post-310885","post","type-post","status-publish","format-standard","has-post-thumbnail","hentry","category-automobile-magazine"],"_links":{"self":[{"href":"https:\/\/www.evearly.news\/fr\/wp-json\/wp\/v2\/posts\/310885","targetHints":{"allow":["GET"]}}],"collection":[{"href":"https:\/\/www.evearly.news\/fr\/wp-json\/wp\/v2\/posts"}],"about":[{"href":"https:\/\/www.evearly.news\/fr\/wp-json\/wp\/v2\/types\/post"}],"author":[{"embeddable":true,"href":"https:\/\/www.evearly.news\/fr\/wp-json\/wp\/v2\/users\/7"}],"replies":[{"embeddable":true,"href":"https:\/\/www.evearly.news\/fr\/wp-json\/wp\/v2\/comments?post=310885"}],"version-history":[{"count":0,"href":"https:\/\/www.evearly.news\/fr\/wp-json\/wp\/v2\/posts\/310885\/revisions"}],"wp:featuredmedia":[{"embeddable":true,"href":"https:\/\/www.evearly.news\/fr\/wp-json\/wp\/v2\/media\/310886"}],"wp:attachment":[{"href":"https:\/\/www.evearly.news\/fr\/wp-json\/wp\/v2\/media?parent=310885"}],"wp:term":[{"taxonomy":"category","embeddable":true,"href":"https:\/\/www.evearly.news\/fr\/wp-json\/wp\/v2\/categories?post=310885"},{"taxonomy":"post_tag","embeddable":true,"href":"https:\/\/www.evearly.news\/fr\/wp-json\/wp\/v2\/tags?post=310885"}],"curies":[{"name":"wp","href":"https:\/\/api.w.org\/{rel}","templated":true}]}}