{"id":310893,"date":"2025-10-21T10:00:00","date_gmt":"2025-10-21T08:00:00","guid":{"rendered":"https:\/\/www.evearly.news\/fr\/la-volvo-es90-bouscule-les-audi-a6-bmw-serie-5-et-mercedes-eqe-electriques\/"},"modified":"2025-10-21T10:00:00","modified_gmt":"2025-10-21T08:00:00","slug":"la-volvo-es90-bouscule-les-audi-a6-bmw-serie-5-et-mercedes-eqe-electriques","status":"publish","type":"post","link":"https:\/\/www.evearly.news\/fr\/la-volvo-es90-bouscule-les-audi-a6-bmw-serie-5-et-mercedes-eqe-electriques\/","title":{"rendered":"La Volvo ES90 bouscule les Audi A6, BMW S\u00e9rie 5 et Mercedes EQE \u00e9lectriques\u00a0!"},"content":{"rendered":"<p><img decoding=\"async\" src=\"https:\/\/www.evearly.news\/fr\/wp-content\/uploads\/sites\/6\/2025\/10\/la-volvo-es90-bouscule-les-audi-a6-bmw-serie-5-et-mercedes-eqe-electriques.jpg\" alt=\"caradisiac\" ><br \/>Volvo est la seule marque \u00e0 avoir durablement tenu t\u00eate aux pr\u00e9miums allemandes. Et le passage \u00e0 l\u2019\u00e8re \u00e9lectrique lui donne un second souffle gr\u00e2ce au groupe Chinois Geely auquel elle appartient. La preuve avec cette prometteuse ES90 qui se pose en alternative aux Audi A6, BMW I5 et Mercedes EQE gr\u00e2ce notamment \u00e0 de grosses batteries qui se rechargent fissa. Vous montez\u00a0? <a href=https:\/\/www.caradisiac.com\/la-volvo-es90-bouscule-les-audi-a6-bmw-serie-5-et-mercedes-eqe-electriques-218321.htm#xtor=RSS-40 target=blank>Lire la suite&#8230;<\/a><\/p>\n","protected":false},"excerpt":{"rendered":"<p><img decoding=\"async\" src=\"https:\/\/www.evearly.news\/fr\/wp-content\/uploads\/sites\/6\/2025\/10\/la-volvo-es90-bouscule-les-audi-a6-bmw-serie-5-et-mercedes-eqe-electriques.jpg\" alt=\"caradisiac\"><br \/>Volvo est la seule marque \u00e0 avoir durablement tenu t\u00eate aux pr\u00e9miums allemandes. Et le passage \u00e0 l\u2019\u00e8re \u00e9lectrique lui donne un second souffle gr\u00e2ce au groupe Chinois Geely auquel elle appartient. La preuve avec cette prometteuse ES90 qui se pose en alternative aux Audi A6, BMW I5 et Mercedes EQE gr\u00e2ce notamment \u00e0 de grosses batteries qui se rechargent fissa. Vous montez\u00a0?<\/p>\n<p> <a class=\"continue-reading-link\" href=\"https:\/\/www.evearly.news\/fr\/la-volvo-es90-bouscule-les-audi-a6-bmw-serie-5-et-mercedes-eqe-electriques\/\"><\/a><\/p>\n","protected":false},"author":11,"featured_media":310894,"comment_status":"closed","ping_status":"open","sticky":false,"template":"Default","format":"standard","meta":{"footnotes":""},"categories":[11],"tags":[],"class_list":["post-310893","post","type-post","status-publish","format-standard","has-post-thumbnail","hentry","category-caradisiac"],"_links":{"self":[{"href":"https:\/\/www.evearly.news\/fr\/wp-json\/wp\/v2\/posts\/310893","targetHints":{"allow":["GET"]}}],"collection":[{"href":"https:\/\/www.evearly.news\/fr\/wp-json\/wp\/v2\/posts"}],"about":[{"href":"https:\/\/www.evearly.news\/fr\/wp-json\/wp\/v2\/types\/post"}],"author":[{"embeddable":true,"href":"https:\/\/www.evearly.news\/fr\/wp-json\/wp\/v2\/users\/11"}],"replies":[{"embeddable":true,"href":"https:\/\/www.evearly.news\/fr\/wp-json\/wp\/v2\/comments?post=310893"}],"version-history":[{"count":0,"href":"https:\/\/www.evearly.news\/fr\/wp-json\/wp\/v2\/posts\/310893\/revisions"}],"wp:featuredmedia":[{"embeddable":true,"href":"https:\/\/www.evearly.news\/fr\/wp-json\/wp\/v2\/media\/310894"}],"wp:attachment":[{"href":"https:\/\/www.evearly.news\/fr\/wp-json\/wp\/v2\/media?parent=310893"}],"wp:term":[{"taxonomy":"category","embeddable":true,"href":"https:\/\/www.evearly.news\/fr\/wp-json\/wp\/v2\/categories?post=310893"},{"taxonomy":"post_tag","embeddable":true,"href":"https:\/\/www.evearly.news\/fr\/wp-json\/wp\/v2\/tags?post=310893"}],"curies":[{"name":"wp","href":"https:\/\/api.w.org\/{rel}","templated":true}]}}