{"id":310915,"date":"2025-10-21T15:00:43","date_gmt":"2025-10-21T13:00:43","guid":{"rendered":"https:\/\/www.evearly.news\/fr\/la-voiture-de-byd-depasse-les-496-km-h-mais-perd-contre-une-porsche-le-paradoxe-de-cette-supercar\/"},"modified":"2025-10-21T15:00:43","modified_gmt":"2025-10-21T13:00:43","slug":"la-voiture-de-byd-depasse-les-496-km-h-mais-perd-contre-une-porsche-le-paradoxe-de-cette-supercar","status":"publish","type":"post","link":"https:\/\/www.evearly.news\/fr\/la-voiture-de-byd-depasse-les-496-km-h-mais-perd-contre-une-porsche-le-paradoxe-de-cette-supercar\/","title":{"rendered":"La voiture de BYD d\u00e9passe les 496 km\/h mais perd contre une Porsche : le paradoxe de cette supercar"},"content":{"rendered":"<p><img loading=\"lazy\" width=\"1200\" height=\"675\" src=\"https:\/\/www.evearly.news\/fr\/wp-content\/uploads\/sites\/6\/2025\/10\/la-voiture-de-byd-depasse-les-496-km-h-mais-perd-contre-une-porsche-le-paradoxe-de-cette-supercar.jpg\" class=\"attachment-full size-full wp-post-image\" alt=\"\" decoding=\"async\" \/<br \/>\nQuelques semaines apr\u00e8s avoir annonc\u00e9 un record de vitesse du monde \u00e0 496 km\/h, la Yangwang U9 Xtreme signe le meilleur chrono de sa cat\u00e9gorie, celle des supercars \u00e9lectriques, sur le mythique circuit du N\u00fcrburgring. Mais ce record est loin d&rsquo;\u00eatre impressionnant. Explications.<br \/>\n <a href=https:\/\/www.frandroid.com\/marques\/byd\/2837847_la-voiture-de-byd-depasse-les-496-km-h-mais-perd-contre-une-porsche-le-paradoxe-de-cette-supercar target='blank'>Lire la suite&#8230;<\/a><\/p>\n","protected":false},"excerpt":{"rendered":"<p>&lt;img width=&quot;1200&quot; height=&quot;675&quot; src=&quot;https:\/\/www.evearly.news\/fr\/wp-content\/uploads\/sites\/6\/2025\/10\/la-voiture-de-byd-depasse-les-496-km-h-mais-perd-contre-une-porsche-le-paradoxe-de-cette-supercar.jpg&quot; class=&quot;attachment-full size-full wp-post-image&quot; alt=&quot;&quot; decoding=&quot;async&quot; \/<br \/>\nQuelques semaines apr\u00e8s avoir annonc\u00e9 un record de vitesse du monde \u00e0 496 km\/h, la Yangwang U9 Xtreme signe le meilleur chrono de sa cat\u00e9gorie, celle des supercars \u00e9lectriques, sur le mythique circuit du N\u00fcrburgring. Mais ce record est loin d&rsquo;\u00eatre impressionnant. Explications.\n<\/p>\n<p> <a class=\"continue-reading-link\" href=\"https:\/\/www.evearly.news\/fr\/la-voiture-de-byd-depasse-les-496-km-h-mais-perd-contre-une-porsche-le-paradoxe-de-cette-supercar\/\"><\/a><\/p>\n","protected":false},"author":6,"featured_media":310916,"comment_status":"closed","ping_status":"open","sticky":false,"template":"Default","format":"standard","meta":{"footnotes":""},"categories":[14],"tags":[],"class_list":["post-310915","post","type-post","status-publish","format-standard","has-post-thumbnail","hentry","category-frandroid"],"_links":{"self":[{"href":"https:\/\/www.evearly.news\/fr\/wp-json\/wp\/v2\/posts\/310915","targetHints":{"allow":["GET"]}}],"collection":[{"href":"https:\/\/www.evearly.news\/fr\/wp-json\/wp\/v2\/posts"}],"about":[{"href":"https:\/\/www.evearly.news\/fr\/wp-json\/wp\/v2\/types\/post"}],"author":[{"embeddable":true,"href":"https:\/\/www.evearly.news\/fr\/wp-json\/wp\/v2\/users\/6"}],"replies":[{"embeddable":true,"href":"https:\/\/www.evearly.news\/fr\/wp-json\/wp\/v2\/comments?post=310915"}],"version-history":[{"count":0,"href":"https:\/\/www.evearly.news\/fr\/wp-json\/wp\/v2\/posts\/310915\/revisions"}],"wp:featuredmedia":[{"embeddable":true,"href":"https:\/\/www.evearly.news\/fr\/wp-json\/wp\/v2\/media\/310916"}],"wp:attachment":[{"href":"https:\/\/www.evearly.news\/fr\/wp-json\/wp\/v2\/media?parent=310915"}],"wp:term":[{"taxonomy":"category","embeddable":true,"href":"https:\/\/www.evearly.news\/fr\/wp-json\/wp\/v2\/categories?post=310915"},{"taxonomy":"post_tag","embeddable":true,"href":"https:\/\/www.evearly.news\/fr\/wp-json\/wp\/v2\/tags?post=310915"}],"curies":[{"name":"wp","href":"https:\/\/api.w.org\/{rel}","templated":true}]}}