{"id":310917,"date":"2025-10-21T15:50:05","date_gmt":"2025-10-21T13:50:05","guid":{"rendered":"https:\/\/www.evearly.news\/fr\/quel-prix-pour-le-nouveau-mercedes-glc-electrique\/"},"modified":"2025-10-21T15:50:05","modified_gmt":"2025-10-21T13:50:05","slug":"quel-prix-pour-le-nouveau-mercedes-glc-electrique","status":"publish","type":"post","link":"https:\/\/www.evearly.news\/fr\/quel-prix-pour-le-nouveau-mercedes-glc-electrique\/","title":{"rendered":"Quel prix pour le nouveau Mercedes GLC \u00e9lectrique ?"},"content":{"rendered":"<p><img decoding=\"async\" src=\"https:\/\/www.evearly.news\/fr\/wp-content\/uploads\/sites\/6\/2025\/10\/quel-prix-pour-le-nouveau-mercedes-glc-electrique.webp\" alt=\"auto-moto\"><br \/>Pr\u00e9sent\u00e9 \u00e0 Munich d\u00e9but septembre, le nouveau Mercedes GLC \u00e9lectrique ouvre son carnet de commandes en cette fin octobre 2025. Propos\u00e9 avec une unique motorisation de 489 ch associ\u00e9e \u00e0 une grosse batterie, le mod\u00e8le d\u00e9bute \u00e0 plus de 70 000 \u20ac au lancement. <a href=https:\/\/www.auto-moto.com\/electrique\/prix-mercedes-glc-65273 target=blank>Lire la suite&#8230;<\/a><\/p>\n","protected":false},"excerpt":{"rendered":"<p>Pr\u00e9sent\u00e9 \u00e0 Munich d\u00e9but septembre, le nouveau Mercedes GLC \u00e9lectrique ouvre son carnet de commandes en cette fin octobre 2025. Propos\u00e9 avec une unique motorisation de 489 ch associ\u00e9e \u00e0 une grosse batterie, le mod\u00e8le d\u00e9bute \u00e0 plus de 70 000 \u20ac au lancement&#8230;. <a class=\"continue-reading-link\" href=\"https:\/\/www.evearly.news\/fr\/quel-prix-pour-le-nouveau-mercedes-glc-electrique\/\"><\/a><\/p>\n","protected":false},"author":9,"featured_media":310918,"comment_status":"closed","ping_status":"open","sticky":false,"template":"Default","format":"standard","meta":{"footnotes":""},"categories":[10],"tags":[],"class_list":["post-310917","post","type-post","status-publish","format-standard","has-post-thumbnail","hentry","category-auto-moto-com"],"_links":{"self":[{"href":"https:\/\/www.evearly.news\/fr\/wp-json\/wp\/v2\/posts\/310917","targetHints":{"allow":["GET"]}}],"collection":[{"href":"https:\/\/www.evearly.news\/fr\/wp-json\/wp\/v2\/posts"}],"about":[{"href":"https:\/\/www.evearly.news\/fr\/wp-json\/wp\/v2\/types\/post"}],"author":[{"embeddable":true,"href":"https:\/\/www.evearly.news\/fr\/wp-json\/wp\/v2\/users\/9"}],"replies":[{"embeddable":true,"href":"https:\/\/www.evearly.news\/fr\/wp-json\/wp\/v2\/comments?post=310917"}],"version-history":[{"count":0,"href":"https:\/\/www.evearly.news\/fr\/wp-json\/wp\/v2\/posts\/310917\/revisions"}],"wp:featuredmedia":[{"embeddable":true,"href":"https:\/\/www.evearly.news\/fr\/wp-json\/wp\/v2\/media\/310918"}],"wp:attachment":[{"href":"https:\/\/www.evearly.news\/fr\/wp-json\/wp\/v2\/media?parent=310917"}],"wp:term":[{"taxonomy":"category","embeddable":true,"href":"https:\/\/www.evearly.news\/fr\/wp-json\/wp\/v2\/categories?post=310917"},{"taxonomy":"post_tag","embeddable":true,"href":"https:\/\/www.evearly.news\/fr\/wp-json\/wp\/v2\/tags?post=310917"}],"curies":[{"name":"wp","href":"https:\/\/api.w.org\/{rel}","templated":true}]}}