{"id":310961,"date":"2025-10-22T11:17:43","date_gmt":"2025-10-22T09:17:43","guid":{"rendered":"https:\/\/www.evearly.news\/fr\/permis-de-conduire-la-regle-va-changer-si-vous-commettez-une-infraction-dans-un-autre-pays-europeen\/"},"modified":"2025-10-22T11:17:43","modified_gmt":"2025-10-22T09:17:43","slug":"permis-de-conduire-la-regle-va-changer-si-vous-commettez-une-infraction-dans-un-autre-pays-europeen","status":"publish","type":"post","link":"https:\/\/www.evearly.news\/fr\/permis-de-conduire-la-regle-va-changer-si-vous-commettez-une-infraction-dans-un-autre-pays-europeen\/","title":{"rendered":"Permis de conduire\u00a0: la r\u00e8gle va changer si vous commettez une infraction dans un autre pays europ\u00e9en"},"content":{"rendered":"<p><img loading=\"lazy\" width=\"1920\" height=\"1280\" src=\"https:\/\/www.evearly.news\/fr\/wp-content\/uploads\/sites\/6\/2025\/10\/permis-de-conduire-la-regle-va-changer-si-vous-commettez-une-infraction-dans-un-autre-pays-europeen.jpg\" class=\"attachment-full size-full wp-post-image\" alt=\"Conduire, voiture\" decoding=\"async\" srcset=\"https:\/\/www.evearly.news\/fr\/wp-content\/uploads\/sites\/6\/2025\/10\/permis-de-conduire-la-regle-va-changer-si-vous-commettez-une-infraction-dans-un-autre-pays-europeen.jpg 1920w, https:\/\/www.evearly.news\/fr\/wp-content\/uploads\/sites\/6\/2025\/10\/permis-de-conduire-la-regle-va-changer-si-vous-commettez-une-infraction-dans-un-autre-pays-europeen-1.jpg 384w, https:\/\/www.evearly.news\/fr\/wp-content\/uploads\/sites\/6\/2025\/10\/permis-de-conduire-la-regle-va-changer-si-vous-commettez-une-infraction-dans-un-autre-pays-europeen-2.jpg 880w, https:\/\/www.evearly.news\/fr\/wp-content\/uploads\/sites\/6\/2025\/10\/permis-de-conduire-la-regle-va-changer-si-vous-commettez-une-infraction-dans-un-autre-pays-europeen-3.jpg 50w, https:\/\/www.evearly.news\/fr\/wp-content\/uploads\/sites\/6\/2025\/10\/permis-de-conduire-la-regle-va-changer-si-vous-commettez-une-infraction-dans-un-autre-pays-europeen-4.jpg 640w, https:\/\/www.evearly.news\/fr\/wp-content\/uploads\/sites\/6\/2025\/10\/permis-de-conduire-la-regle-va-changer-si-vous-commettez-une-infraction-dans-un-autre-pays-europeen-5.jpg 1280w, https:\/\/www.presse-citron.net\/app\/uploads\/2025\/06\/pexels-jeshoots-com-147458-13861-1632x1088.jpg 1632w\" sizes=\"auto, (max-width: 1920px) 100vw, 1920px\"><\/p>\n<p>Ce mardi 21 octobre 2025, le Parlement europ\u00e9en a adopt\u00e9 une r\u00e9forme du permis de conduire dans toute l\u2019Union europ\u00e9enne. Voici ce qui change pour les conducteurs.<a href=\"https:\/\/www.presse-citron.net\/permis-de-conduire-la-regle-va-changer-si-vous-commettez-une-infraction-dans-un-autre-pays-europeen\/\" target=blank> Lire la suite&#8230;<\/a><\/p>\n","protected":false},"excerpt":{"rendered":"<p>Ce mardi 21 octobre 2025, le Parlement europ\u00e9en a adopt\u00e9 une r\u00e9forme du permis de conduire dans toute l\u2019Union europ\u00e9enne. Voici ce qui change pour les conducteurs&#8230;. <a class=\"continue-reading-link\" href=\"https:\/\/www.evearly.news\/fr\/permis-de-conduire-la-regle-va-changer-si-vous-commettez-une-infraction-dans-un-autre-pays-europeen\/\"><\/a><\/p>\n","protected":false},"author":18,"featured_media":310962,"comment_status":"closed","ping_status":"open","sticky":false,"template":"Default","format":"standard","meta":{"footnotes":""},"categories":[19],"tags":[],"class_list":["post-310961","post","type-post","status-publish","format-standard","has-post-thumbnail","hentry","category-presse-citron"],"_links":{"self":[{"href":"https:\/\/www.evearly.news\/fr\/wp-json\/wp\/v2\/posts\/310961","targetHints":{"allow":["GET"]}}],"collection":[{"href":"https:\/\/www.evearly.news\/fr\/wp-json\/wp\/v2\/posts"}],"about":[{"href":"https:\/\/www.evearly.news\/fr\/wp-json\/wp\/v2\/types\/post"}],"author":[{"embeddable":true,"href":"https:\/\/www.evearly.news\/fr\/wp-json\/wp\/v2\/users\/18"}],"replies":[{"embeddable":true,"href":"https:\/\/www.evearly.news\/fr\/wp-json\/wp\/v2\/comments?post=310961"}],"version-history":[{"count":0,"href":"https:\/\/www.evearly.news\/fr\/wp-json\/wp\/v2\/posts\/310961\/revisions"}],"wp:featuredmedia":[{"embeddable":true,"href":"https:\/\/www.evearly.news\/fr\/wp-json\/wp\/v2\/media\/310962"}],"wp:attachment":[{"href":"https:\/\/www.evearly.news\/fr\/wp-json\/wp\/v2\/media?parent=310961"}],"wp:term":[{"taxonomy":"category","embeddable":true,"href":"https:\/\/www.evearly.news\/fr\/wp-json\/wp\/v2\/categories?post=310961"},{"taxonomy":"post_tag","embeddable":true,"href":"https:\/\/www.evearly.news\/fr\/wp-json\/wp\/v2\/tags?post=310961"}],"curies":[{"name":"wp","href":"https:\/\/api.w.org\/{rel}","templated":true}]}}