{"id":310963,"date":"2025-10-22T11:19:58","date_gmt":"2025-10-22T09:19:58","guid":{"rendered":"https:\/\/www.evearly.news\/fr\/porsche-veut-prouver-que-les-voitures-electriques-sont-amusantes-a-conduire-avec-son-nouveau-macan\/"},"modified":"2025-10-22T11:19:58","modified_gmt":"2025-10-22T09:19:58","slug":"porsche-veut-prouver-que-les-voitures-electriques-sont-amusantes-a-conduire-avec-son-nouveau-macan","status":"publish","type":"post","link":"https:\/\/www.evearly.news\/fr\/porsche-veut-prouver-que-les-voitures-electriques-sont-amusantes-a-conduire-avec-son-nouveau-macan\/","title":{"rendered":"Porsche veut prouver que les voitures \u00e9lectriques sont amusantes \u00e0 conduire avec son nouveau Macan"},"content":{"rendered":"<p><img width=\"1200\" height=\"675\" src=\"https:\/\/www.evearly.news\/fr\/wp-content\/uploads\/sites\/6\/2025\/10\/porsche-veut-prouver-que-les-voitures-electriques-sont-amusantes-a-conduire-avec-son-nouveau-macan.jpg\" class=\"attachment-full size-full wp-post-image\" alt=\"\" decoding=\"async\" loading=\"lazy\" \/<br \/>\nPorsche enrichit la gamme de son Macan avec une nouvelle version GTS, situ\u00e9e juste sous la variante Turbo. La voiture \u00e9lectrique mise avant tout sur le dynamisme, avec ses 571 chevaux survolt\u00e9s.<br \/>\n <a href=https:\/\/www.frandroid.com\/marques\/porsche\/2839527_porsche-veut-prouver-que-les-voitures-electriques-sont-amusantes-a-conduire-avec-son-nouveau-macan target='blank'>Lire la suite&#8230;<\/a><\/p>\n","protected":false},"excerpt":{"rendered":"<p>&lt;img width=&quot;1200&quot; height=&quot;675&quot; src=&quot;https:\/\/www.evearly.news\/fr\/wp-content\/uploads\/sites\/6\/2025\/10\/porsche-veut-prouver-que-les-voitures-electriques-sont-amusantes-a-conduire-avec-son-nouveau-macan.jpg&quot; class=&quot;attachment-full size-full wp-post-image&quot; alt=&quot;&quot; decoding=&quot;async&quot; loading=&quot;lazy&quot; \/<br \/>\nPorsche enrichit la gamme de son Macan avec une nouvelle version GTS, situ\u00e9e juste sous la variante Turbo. La voiture \u00e9lectrique mise avant tout sur le dynamisme, avec ses 571 chevaux survolt\u00e9s.\n<\/p>\n<p> <a class=\"continue-reading-link\" href=\"https:\/\/www.evearly.news\/fr\/porsche-veut-prouver-que-les-voitures-electriques-sont-amusantes-a-conduire-avec-son-nouveau-macan\/\"><\/a><\/p>\n","protected":false},"author":6,"featured_media":310964,"comment_status":"closed","ping_status":"open","sticky":false,"template":"Default","format":"standard","meta":{"footnotes":""},"categories":[14],"tags":[],"class_list":["post-310963","post","type-post","status-publish","format-standard","has-post-thumbnail","hentry","category-frandroid"],"_links":{"self":[{"href":"https:\/\/www.evearly.news\/fr\/wp-json\/wp\/v2\/posts\/310963","targetHints":{"allow":["GET"]}}],"collection":[{"href":"https:\/\/www.evearly.news\/fr\/wp-json\/wp\/v2\/posts"}],"about":[{"href":"https:\/\/www.evearly.news\/fr\/wp-json\/wp\/v2\/types\/post"}],"author":[{"embeddable":true,"href":"https:\/\/www.evearly.news\/fr\/wp-json\/wp\/v2\/users\/6"}],"replies":[{"embeddable":true,"href":"https:\/\/www.evearly.news\/fr\/wp-json\/wp\/v2\/comments?post=310963"}],"version-history":[{"count":0,"href":"https:\/\/www.evearly.news\/fr\/wp-json\/wp\/v2\/posts\/310963\/revisions"}],"wp:featuredmedia":[{"embeddable":true,"href":"https:\/\/www.evearly.news\/fr\/wp-json\/wp\/v2\/media\/310964"}],"wp:attachment":[{"href":"https:\/\/www.evearly.news\/fr\/wp-json\/wp\/v2\/media?parent=310963"}],"wp:term":[{"taxonomy":"category","embeddable":true,"href":"https:\/\/www.evearly.news\/fr\/wp-json\/wp\/v2\/categories?post=310963"},{"taxonomy":"post_tag","embeddable":true,"href":"https:\/\/www.evearly.news\/fr\/wp-json\/wp\/v2\/tags?post=310963"}],"curies":[{"name":"wp","href":"https:\/\/api.w.org\/{rel}","templated":true}]}}