{"id":310975,"date":"2025-10-22T11:45:00","date_gmt":"2025-10-22T09:45:00","guid":{"rendered":"https:\/\/www.evearly.news\/fr\/le-nouveau-mercedes-glc-electrique-est-au-prix-du-bmw-ix3-mais-avec-des-batteries-plus-petites\/"},"modified":"2025-10-22T11:45:00","modified_gmt":"2025-10-22T09:45:00","slug":"le-nouveau-mercedes-glc-electrique-est-au-prix-du-bmw-ix3-mais-avec-des-batteries-plus-petites","status":"publish","type":"post","link":"https:\/\/www.evearly.news\/fr\/le-nouveau-mercedes-glc-electrique-est-au-prix-du-bmw-ix3-mais-avec-des-batteries-plus-petites\/","title":{"rendered":"Le nouveau Mercedes GLC \u00e9lectrique est au prix du BMW iX3, mais avec des batteries plus petites"},"content":{"rendered":"<p><img decoding=\"async\" src=\"https:\/\/www.evearly.news\/fr\/wp-content\/uploads\/sites\/6\/2025\/10\/le-nouveau-mercedes-glc-electrique-est-au-prix-du-bmw-ix3-mais-avec-des-batteries-plus-petites.jpg\" alt=\"caradisiac\" ><br \/>Le premier match entre les nouveaux Mercedes GLC et BMW iX3 \u00e9lectriques est celui du prix\u00a0: le Mercedes co\u00fbte tr\u00e8s l\u00e9g\u00e8rement moins cher en version de base, mais il poss\u00e8de alors des batteries moins grosses que celles de son rival. <a href=https:\/\/www.caradisiac.com\/le-nouveau-mercedes-glc-electrique-est-au-prix-du-bmw-ix3-mais-avec-des-batteries-plus-petites-218501.htm#xtor=RSS-40 target=blank>Lire la suite&#8230;<\/a><\/p>\n","protected":false},"excerpt":{"rendered":"<p><img decoding=\"async\" src=\"https:\/\/www.evearly.news\/fr\/wp-content\/uploads\/sites\/6\/2025\/10\/le-nouveau-mercedes-glc-electrique-est-au-prix-du-bmw-ix3-mais-avec-des-batteries-plus-petites.jpg\" alt=\"caradisiac\"><br \/>Le premier match entre les nouveaux Mercedes GLC et BMW iX3 \u00e9lectriques est celui du prix\u00a0: le Mercedes co\u00fbte tr\u00e8s l\u00e9g\u00e8rement moins cher en version de base, mais il poss\u00e8de alors des batteries moins grosses que celles de son rival.<\/p>\n<p> <a class=\"continue-reading-link\" href=\"https:\/\/www.evearly.news\/fr\/le-nouveau-mercedes-glc-electrique-est-au-prix-du-bmw-ix3-mais-avec-des-batteries-plus-petites\/\"><\/a><\/p>\n","protected":false},"author":11,"featured_media":310976,"comment_status":"closed","ping_status":"open","sticky":false,"template":"Default","format":"standard","meta":{"footnotes":""},"categories":[11],"tags":[],"class_list":["post-310975","post","type-post","status-publish","format-standard","has-post-thumbnail","hentry","category-caradisiac"],"_links":{"self":[{"href":"https:\/\/www.evearly.news\/fr\/wp-json\/wp\/v2\/posts\/310975","targetHints":{"allow":["GET"]}}],"collection":[{"href":"https:\/\/www.evearly.news\/fr\/wp-json\/wp\/v2\/posts"}],"about":[{"href":"https:\/\/www.evearly.news\/fr\/wp-json\/wp\/v2\/types\/post"}],"author":[{"embeddable":true,"href":"https:\/\/www.evearly.news\/fr\/wp-json\/wp\/v2\/users\/11"}],"replies":[{"embeddable":true,"href":"https:\/\/www.evearly.news\/fr\/wp-json\/wp\/v2\/comments?post=310975"}],"version-history":[{"count":0,"href":"https:\/\/www.evearly.news\/fr\/wp-json\/wp\/v2\/posts\/310975\/revisions"}],"wp:featuredmedia":[{"embeddable":true,"href":"https:\/\/www.evearly.news\/fr\/wp-json\/wp\/v2\/media\/310976"}],"wp:attachment":[{"href":"https:\/\/www.evearly.news\/fr\/wp-json\/wp\/v2\/media?parent=310975"}],"wp:term":[{"taxonomy":"category","embeddable":true,"href":"https:\/\/www.evearly.news\/fr\/wp-json\/wp\/v2\/categories?post=310975"},{"taxonomy":"post_tag","embeddable":true,"href":"https:\/\/www.evearly.news\/fr\/wp-json\/wp\/v2\/tags?post=310975"}],"curies":[{"name":"wp","href":"https:\/\/api.w.org\/{rel}","templated":true}]}}