{"id":311108,"date":"2025-10-24T14:23:41","date_gmt":"2025-10-24T12:23:41","guid":{"rendered":"https:\/\/www.evearly.news\/fr\/la-voiture-electrique-est-de-plus-en-plus-utilisee-pour-partir-en-vacances-selon-le-ministere-des-transports-des-chiffres-a-prendre-avec-des-pincettes\/"},"modified":"2025-10-24T14:23:41","modified_gmt":"2025-10-24T12:23:41","slug":"la-voiture-electrique-est-de-plus-en-plus-utilisee-pour-partir-en-vacances-selon-le-ministere-des-transports-des-chiffres-a-prendre-avec-des-pincettes","status":"publish","type":"post","link":"https:\/\/www.evearly.news\/fr\/la-voiture-electrique-est-de-plus-en-plus-utilisee-pour-partir-en-vacances-selon-le-ministere-des-transports-des-chiffres-a-prendre-avec-des-pincettes\/","title":{"rendered":"\u00ab\u00a0La voiture \u00e9lectrique est de plus en plus utilis\u00e9e pour partir en vacances\u00a0\u00bb selon le minist\u00e8re des transports. Des chiffres \u00e0 prendre avec des pincettes"},"content":{"rendered":"<div class=\"media_block\"><img decoding=\"async\" src=\"https:\/\/www.evearly.news\/fr\/wp-content\/uploads\/sites\/6\/2025\/10\/la-voiture-electrique-est-de-plus-en-plus-utilisee-pour-partir-en-vacances-selon-le-ministere-des-transports-des-chiffres-a-prendre-avec-des-pincettes.jpg\"><\/div>\n<p>Malgr\u00e9 un \u00e9t\u00e9 record sur les routes, l\u2019enthousiasme du minist\u00e8re des Transports et d\u2019Avere-France pour l\u2019\u00e9lectromobilit\u00e9 cache une r\u00e9alit\u00e9 bien plus contrast\u00e9e. Croissance port\u00e9e par les flottes, in\u00e9galit\u00e9s de puissance et de d\u00e9ploiement des bornes, surco\u00fbts importants et complexit\u00e9 tarifaire\u202f: au-del\u00e0 des chiffres triomphants, l\u2019acc\u00e8s \u00e0 la recharge et l\u2019adoption r\u00e9elle par les particuliers restent sem\u00e9s d\u2019emb\u00fbches. <a href=https:\/\/www.automobile-magazine.fr\/voitures-electriques\/article\/49895-la-voiture-electrique-est-de-plus-en-plus-utilisee-pour-partir-en-vacances-selon-le-ministere-des-transports-des-chiffres-a-prendre-avec-des-pincettes target='bwindow'>Lire la suite&#8230;<\/a><\/p>\n","protected":false},"excerpt":{"rendered":"<div class=\"media_block\"><img decoding=\"async\" src=\"https:\/\/www.evearly.news\/fr\/wp-content\/uploads\/sites\/6\/2025\/10\/la-voiture-electrique-est-de-plus-en-plus-utilisee-pour-partir-en-vacances-selon-le-ministere-des-transports-des-chiffres-a-prendre-avec-des-pincettes.jpg\"><\/div>\n<p> <a class=\"continue-reading-link\" href=\"https:\/\/www.evearly.news\/fr\/la-voiture-electrique-est-de-plus-en-plus-utilisee-pour-partir-en-vacances-selon-le-ministere-des-transports-des-chiffres-a-prendre-avec-des-pincettes\/\"><\/a><\/p>\n","protected":false},"author":7,"featured_media":311109,"comment_status":"closed","ping_status":"open","sticky":false,"template":"Default","format":"standard","meta":{"footnotes":""},"categories":[7],"tags":[],"class_list":["post-311108","post","type-post","status-publish","format-standard","has-post-thumbnail","hentry","category-automobile-magazine"],"_links":{"self":[{"href":"https:\/\/www.evearly.news\/fr\/wp-json\/wp\/v2\/posts\/311108","targetHints":{"allow":["GET"]}}],"collection":[{"href":"https:\/\/www.evearly.news\/fr\/wp-json\/wp\/v2\/posts"}],"about":[{"href":"https:\/\/www.evearly.news\/fr\/wp-json\/wp\/v2\/types\/post"}],"author":[{"embeddable":true,"href":"https:\/\/www.evearly.news\/fr\/wp-json\/wp\/v2\/users\/7"}],"replies":[{"embeddable":true,"href":"https:\/\/www.evearly.news\/fr\/wp-json\/wp\/v2\/comments?post=311108"}],"version-history":[{"count":0,"href":"https:\/\/www.evearly.news\/fr\/wp-json\/wp\/v2\/posts\/311108\/revisions"}],"wp:featuredmedia":[{"embeddable":true,"href":"https:\/\/www.evearly.news\/fr\/wp-json\/wp\/v2\/media\/311109"}],"wp:attachment":[{"href":"https:\/\/www.evearly.news\/fr\/wp-json\/wp\/v2\/media?parent=311108"}],"wp:term":[{"taxonomy":"category","embeddable":true,"href":"https:\/\/www.evearly.news\/fr\/wp-json\/wp\/v2\/categories?post=311108"},{"taxonomy":"post_tag","embeddable":true,"href":"https:\/\/www.evearly.news\/fr\/wp-json\/wp\/v2\/tags?post=311108"}],"curies":[{"name":"wp","href":"https:\/\/api.w.org\/{rel}","templated":true}]}}