{"id":311110,"date":"2025-10-24T15:05:00","date_gmt":"2025-10-24T13:05:00","guid":{"rendered":"https:\/\/www.evearly.news\/fr\/recharger-sa-voiture-electrique-en-roulant-devient-realite-en-france\/"},"modified":"2025-10-24T15:05:00","modified_gmt":"2025-10-24T13:05:00","slug":"recharger-sa-voiture-electrique-en-roulant-devient-realite-en-france","status":"publish","type":"post","link":"https:\/\/www.evearly.news\/fr\/recharger-sa-voiture-electrique-en-roulant-devient-realite-en-france\/","title":{"rendered":"Recharger sa voiture \u00e9lectrique en roulant devient r\u00e9alit\u00e9 en France"},"content":{"rendered":"<p><img width=\"1920\" height=\"1280\" src=\"https:\/\/www.evearly.news\/fr\/wp-content\/uploads\/sites\/6\/2025\/10\/recharger-sa-voiture-electrique-en-roulant-devient-realite-en-france.jpg\" class=\"attachment-full size-full wp-post-image\" alt=\"Vinci Autoroutes (3)\" decoding=\"async\" loading=\"lazy\" srcset=\"https:\/\/www.evearly.news\/fr\/wp-content\/uploads\/sites\/6\/2025\/10\/recharger-sa-voiture-electrique-en-roulant-devient-realite-en-france.jpg 1920w, https:\/\/www.evearly.news\/fr\/wp-content\/uploads\/sites\/6\/2025\/10\/recharger-sa-voiture-electrique-en-roulant-devient-realite-en-france-1.jpg 384w, https:\/\/www.evearly.news\/fr\/wp-content\/uploads\/sites\/6\/2025\/10\/recharger-sa-voiture-electrique-en-roulant-devient-realite-en-france-2.jpg 880w, https:\/\/www.evearly.news\/fr\/wp-content\/uploads\/sites\/6\/2025\/10\/recharger-sa-voiture-electrique-en-roulant-devient-realite-en-france-3.jpg 50w, https:\/\/www.evearly.news\/fr\/wp-content\/uploads\/sites\/6\/2025\/10\/recharger-sa-voiture-electrique-en-roulant-devient-realite-en-france-4.jpg 640w, https:\/\/www.evearly.news\/fr\/wp-content\/uploads\/sites\/6\/2025\/10\/recharger-sa-voiture-electrique-en-roulant-devient-realite-en-france-5.jpg 1280w, https:\/\/www.presse-citron.net\/app\/uploads\/2025\/10\/Vinci-Autoroutes-3-1632x1088.jpg 1632w\" sizes=\"auto, (max-width: 1920px) 100vw, 1920px\"><\/p>\n<p>Vinci Autoroutes inaugure la premi\u00e8re section d\u2019autoroute \u00e0 recharge dynamique. Les premiers tests de cette portion implant\u00e9e sur l\u2019A10 se sont montr\u00e9s concluants. De quoi redistribuer les cartes dans le monde du v\u00e9hicule \u00e9lectrique ?<a href=\"https:\/\/www.presse-citron.net\/recharger-sa-voiture-electrique-en-roulant-devient-realite-en-france\/\" target=blank> Lire la suite&#8230;<\/a><\/p>\n","protected":false},"excerpt":{"rendered":"<p>Vinci Autoroutes inaugure la premi\u00e8re section d\u2019autoroute \u00e0 recharge dynamique. Les premiers tests de cette portion implant\u00e9e sur l\u2019A10 se sont montr\u00e9s concluants. De quoi redistribuer les cartes dans le monde du v\u00e9hicule \u00e9lectrique ?&#8230; <a class=\"continue-reading-link\" href=\"https:\/\/www.evearly.news\/fr\/recharger-sa-voiture-electrique-en-roulant-devient-realite-en-france\/\"><\/a><\/p>\n","protected":false},"author":18,"featured_media":311111,"comment_status":"closed","ping_status":"open","sticky":false,"template":"Default","format":"standard","meta":{"footnotes":""},"categories":[19],"tags":[],"class_list":["post-311110","post","type-post","status-publish","format-standard","has-post-thumbnail","hentry","category-presse-citron"],"_links":{"self":[{"href":"https:\/\/www.evearly.news\/fr\/wp-json\/wp\/v2\/posts\/311110","targetHints":{"allow":["GET"]}}],"collection":[{"href":"https:\/\/www.evearly.news\/fr\/wp-json\/wp\/v2\/posts"}],"about":[{"href":"https:\/\/www.evearly.news\/fr\/wp-json\/wp\/v2\/types\/post"}],"author":[{"embeddable":true,"href":"https:\/\/www.evearly.news\/fr\/wp-json\/wp\/v2\/users\/18"}],"replies":[{"embeddable":true,"href":"https:\/\/www.evearly.news\/fr\/wp-json\/wp\/v2\/comments?post=311110"}],"version-history":[{"count":0,"href":"https:\/\/www.evearly.news\/fr\/wp-json\/wp\/v2\/posts\/311110\/revisions"}],"wp:featuredmedia":[{"embeddable":true,"href":"https:\/\/www.evearly.news\/fr\/wp-json\/wp\/v2\/media\/311111"}],"wp:attachment":[{"href":"https:\/\/www.evearly.news\/fr\/wp-json\/wp\/v2\/media?parent=311110"}],"wp:term":[{"taxonomy":"category","embeddable":true,"href":"https:\/\/www.evearly.news\/fr\/wp-json\/wp\/v2\/categories?post=311110"},{"taxonomy":"post_tag","embeddable":true,"href":"https:\/\/www.evearly.news\/fr\/wp-json\/wp\/v2\/tags?post=311110"}],"curies":[{"name":"wp","href":"https:\/\/api.w.org\/{rel}","templated":true}]}}