{"id":311112,"date":"2025-10-24T15:09:43","date_gmt":"2025-10-24T13:09:43","guid":{"rendered":"https:\/\/www.evearly.news\/fr\/citroen-presente-la-voiture-electrique-la-plus-puissante-de-son-histoire\/"},"modified":"2025-10-24T15:09:43","modified_gmt":"2025-10-24T13:09:43","slug":"citroen-presente-la-voiture-electrique-la-plus-puissante-de-son-histoire","status":"publish","type":"post","link":"https:\/\/www.evearly.news\/fr\/citroen-presente-la-voiture-electrique-la-plus-puissante-de-son-histoire\/","title":{"rendered":"Citro\u00ebn pr\u00e9sente la voiture \u00e9lectrique la plus puissante de son histoire"},"content":{"rendered":"<p><img loading=\"lazy\" width=\"1200\" height=\"675\" src=\"https:\/\/www.evearly.news\/fr\/wp-content\/uploads\/sites\/6\/2025\/10\/citroen-presente-la-voiture-electrique-la-plus-puissante-de-son-histoire.jpg\" class=\"attachment-full size-full wp-post-image\" alt=\"\" decoding=\"async\" \/<br \/>\nCitro\u00ebn revient sur le devant de la sc\u00e8ne sportive en d\u00e9voilant sa nouvelle monoplace \u00e9lectrique pour la Formula E. Le constructeur remplace Maserati qui \u00e9tait engag\u00e9 jusqu&rsquo;\u00e0 l&rsquo;an dernier dans la discipline et rejoint ainsi DS Automobiles.<br \/>\n <a href=https:\/\/www.frandroid.com\/marques\/citroen\/2842927_citroen-presente-la-voiture-electrique-la-plus-puissante-de-son-histoire target='blank'>Lire la suite&#8230;<\/a><\/p>\n","protected":false},"excerpt":{"rendered":"<p>&lt;img width=&quot;1200&quot; height=&quot;675&quot; src=&quot;https:\/\/www.evearly.news\/fr\/wp-content\/uploads\/sites\/6\/2025\/10\/citroen-presente-la-voiture-electrique-la-plus-puissante-de-son-histoire.jpg&quot; class=&quot;attachment-full size-full wp-post-image&quot; alt=&quot;&quot; decoding=&quot;async&quot; \/<br \/>\nCitro\u00ebn revient sur le devant de la sc\u00e8ne sportive en d\u00e9voilant sa nouvelle monoplace \u00e9lectrique pour la Formula E. Le constructeur remplace Maserati qui \u00e9tait engag\u00e9 jusqu&rsquo;\u00e0 l&rsquo;an dernier dans la discipline et rejoint ainsi DS Automobiles.\n<\/p>\n<p> <a class=\"continue-reading-link\" href=\"https:\/\/www.evearly.news\/fr\/citroen-presente-la-voiture-electrique-la-plus-puissante-de-son-histoire\/\"><\/a><\/p>\n","protected":false},"author":6,"featured_media":311113,"comment_status":"closed","ping_status":"open","sticky":false,"template":"Default","format":"standard","meta":{"footnotes":""},"categories":[14],"tags":[],"class_list":["post-311112","post","type-post","status-publish","format-standard","has-post-thumbnail","hentry","category-frandroid"],"_links":{"self":[{"href":"https:\/\/www.evearly.news\/fr\/wp-json\/wp\/v2\/posts\/311112","targetHints":{"allow":["GET"]}}],"collection":[{"href":"https:\/\/www.evearly.news\/fr\/wp-json\/wp\/v2\/posts"}],"about":[{"href":"https:\/\/www.evearly.news\/fr\/wp-json\/wp\/v2\/types\/post"}],"author":[{"embeddable":true,"href":"https:\/\/www.evearly.news\/fr\/wp-json\/wp\/v2\/users\/6"}],"replies":[{"embeddable":true,"href":"https:\/\/www.evearly.news\/fr\/wp-json\/wp\/v2\/comments?post=311112"}],"version-history":[{"count":0,"href":"https:\/\/www.evearly.news\/fr\/wp-json\/wp\/v2\/posts\/311112\/revisions"}],"wp:featuredmedia":[{"embeddable":true,"href":"https:\/\/www.evearly.news\/fr\/wp-json\/wp\/v2\/media\/311113"}],"wp:attachment":[{"href":"https:\/\/www.evearly.news\/fr\/wp-json\/wp\/v2\/media?parent=311112"}],"wp:term":[{"taxonomy":"category","embeddable":true,"href":"https:\/\/www.evearly.news\/fr\/wp-json\/wp\/v2\/categories?post=311112"},{"taxonomy":"post_tag","embeddable":true,"href":"https:\/\/www.evearly.news\/fr\/wp-json\/wp\/v2\/tags?post=311112"}],"curies":[{"name":"wp","href":"https:\/\/api.w.org\/{rel}","templated":true}]}}