{"id":311116,"date":"2025-10-24T15:11:10","date_gmt":"2025-10-24T13:11:10","guid":{"rendered":"https:\/\/www.evearly.news\/fr\/le-mythe-des-1-000-km-dautonomie-en-voiture-electrique-quand-la-quete-du-graal-vire-a-labsurde\/"},"modified":"2025-10-24T15:11:10","modified_gmt":"2025-10-24T13:11:10","slug":"le-mythe-des-1-000-km-dautonomie-en-voiture-electrique-quand-la-quete-du-graal-vire-a-labsurde","status":"publish","type":"post","link":"https:\/\/www.evearly.news\/fr\/le-mythe-des-1-000-km-dautonomie-en-voiture-electrique-quand-la-quete-du-graal-vire-a-labsurde\/","title":{"rendered":"Le mythe des 1 000 km d\u2019autonomie en voiture \u00e9lectrique : quand la qu\u00eate du Graal vire \u00e0 l\u2019absurde"},"content":{"rendered":"<p><img width=\"1200\" height=\"675\" src=\"https:\/\/www.evearly.news\/fr\/wp-content\/uploads\/sites\/6\/2025\/10\/le-mythe-des-1-000-km-dautonomie-en-voiture-electrique-quand-la-quete-du-graal-vire-a-labsurde.jpg\" class=\"attachment-full size-full wp-post-image\" alt=\"\" decoding=\"async\" loading=\"lazy\" \/<br \/>\nRouler plus loin sans recharger : c\u2019est la promesse-phare des voitures \u00e9lectriques. Mais derri\u00e8re la course effr\u00e9n\u00e9e \u00e0 l\u2019autonomie se cachent de lourds paradoxes. Si des batteries XXL rassurent les automobilistes et boostent les ventes, elles alourdissent aussi le prix des voiture, mais aussi la facture \u00e9cologique et minent la durabilit\u00e9 du secteur.<br \/>\n <a href=https:\/\/www.frandroid.com\/survoltes\/voitures-electriques\/2773709_le-mythe-des-1-000-km-dautonomie-en-voiture-electrique-quand-la-quete-du-graal-vire-a-labsurde target='blank'>Lire la suite&#8230;<\/a><\/p>\n","protected":false},"excerpt":{"rendered":"<p>&lt;img width=&quot;1200&quot; height=&quot;675&quot; src=&quot;https:\/\/www.evearly.news\/fr\/wp-content\/uploads\/sites\/6\/2025\/10\/le-mythe-des-1-000-km-dautonomie-en-voiture-electrique-quand-la-quete-du-graal-vire-a-labsurde.jpg&quot; class=&quot;attachment-full size-full wp-post-image&quot; alt=&quot;&quot; decoding=&quot;async&quot; loading=&quot;lazy&quot; \/<br \/>\nRouler plus loin sans recharger : c\u2019est la promesse-phare des voitures \u00e9lectriques. Mais derri\u00e8re la course effr\u00e9n\u00e9e \u00e0 l\u2019autonomie se cachent de lourds paradoxes. Si des batteries XXL rassurent les automobilistes et boostent les ventes, elles alourdissent aussi le prix des voiture, mais aussi la facture \u00e9cologique et minent la durabilit\u00e9 du secteur.\n<\/p>\n<p> <a class=\"continue-reading-link\" href=\"https:\/\/www.evearly.news\/fr\/le-mythe-des-1-000-km-dautonomie-en-voiture-electrique-quand-la-quete-du-graal-vire-a-labsurde\/\"><\/a><\/p>\n","protected":false},"author":6,"featured_media":311117,"comment_status":"closed","ping_status":"open","sticky":false,"template":"Default","format":"standard","meta":{"footnotes":""},"categories":[14],"tags":[],"class_list":["post-311116","post","type-post","status-publish","format-standard","has-post-thumbnail","hentry","category-frandroid"],"_links":{"self":[{"href":"https:\/\/www.evearly.news\/fr\/wp-json\/wp\/v2\/posts\/311116","targetHints":{"allow":["GET"]}}],"collection":[{"href":"https:\/\/www.evearly.news\/fr\/wp-json\/wp\/v2\/posts"}],"about":[{"href":"https:\/\/www.evearly.news\/fr\/wp-json\/wp\/v2\/types\/post"}],"author":[{"embeddable":true,"href":"https:\/\/www.evearly.news\/fr\/wp-json\/wp\/v2\/users\/6"}],"replies":[{"embeddable":true,"href":"https:\/\/www.evearly.news\/fr\/wp-json\/wp\/v2\/comments?post=311116"}],"version-history":[{"count":0,"href":"https:\/\/www.evearly.news\/fr\/wp-json\/wp\/v2\/posts\/311116\/revisions"}],"wp:featuredmedia":[{"embeddable":true,"href":"https:\/\/www.evearly.news\/fr\/wp-json\/wp\/v2\/media\/311117"}],"wp:attachment":[{"href":"https:\/\/www.evearly.news\/fr\/wp-json\/wp\/v2\/media?parent=311116"}],"wp:term":[{"taxonomy":"category","embeddable":true,"href":"https:\/\/www.evearly.news\/fr\/wp-json\/wp\/v2\/categories?post=311116"},{"taxonomy":"post_tag","embeddable":true,"href":"https:\/\/www.evearly.news\/fr\/wp-json\/wp\/v2\/tags?post=311116"}],"curies":[{"name":"wp","href":"https:\/\/api.w.org\/{rel}","templated":true}]}}