{"id":311238,"date":"2025-10-27T16:52:21","date_gmt":"2025-10-27T15:52:21","guid":{"rendered":"https:\/\/www.evearly.news\/fr\/la-kia-ev4-gt-se-devoile-un-peu-avant-lheure\/"},"modified":"2025-10-27T16:52:21","modified_gmt":"2025-10-27T15:52:21","slug":"la-kia-ev4-gt-se-devoile-un-peu-avant-lheure","status":"publish","type":"post","link":"https:\/\/www.evearly.news\/fr\/la-kia-ev4-gt-se-devoile-un-peu-avant-lheure\/","title":{"rendered":"La Kia EV4 GT se d\u00e9voile un peu avant l\u2019heure"},"content":{"rendered":"<p><img decoding=\"async\" src=\"https:\/\/www.evearly.news\/fr\/wp-content\/uploads\/sites\/6\/2025\/10\/la-kia-ev4-gt-se-devoile-un-peu-avant-lheure.webp\" alt=\"auto-moto\"><br \/>\u00c0 peine commercialis\u00e9e en Europe, la nouvelle Kia EV4 va d\u00e9j\u00e0 recevoir le renfort d\u2019une variante plus dynamique GT. \u00c0 l\u2019image des EV6 ou EV9, la compacte \u00e9lectrique cor\u00e9enne affichera un style plus agressif et des performances revues \u00e0 la hausse. <a href=https:\/\/www.auto-moto.com\/electrique\/kia-ev4-gt-65514 target=blank>Lire la suite&#8230;<\/a><\/p>\n","protected":false},"excerpt":{"rendered":"<p>\u00c0 peine commercialis\u00e9e en Europe, la nouvelle Kia EV4 va d\u00e9j\u00e0 recevoir le renfort d\u2019une variante plus dynamique GT. \u00c0 l\u2019image des EV6 ou EV9, la compacte \u00e9lectrique cor\u00e9enne affichera un style plus agressif et des performances revues \u00e0 la hausse&#8230;. <a class=\"continue-reading-link\" href=\"https:\/\/www.evearly.news\/fr\/la-kia-ev4-gt-se-devoile-un-peu-avant-lheure\/\"><\/a><\/p>\n","protected":false},"author":9,"featured_media":311239,"comment_status":"closed","ping_status":"open","sticky":false,"template":"Default","format":"standard","meta":{"footnotes":""},"categories":[10],"tags":[],"class_list":["post-311238","post","type-post","status-publish","format-standard","has-post-thumbnail","hentry","category-auto-moto-com"],"_links":{"self":[{"href":"https:\/\/www.evearly.news\/fr\/wp-json\/wp\/v2\/posts\/311238","targetHints":{"allow":["GET"]}}],"collection":[{"href":"https:\/\/www.evearly.news\/fr\/wp-json\/wp\/v2\/posts"}],"about":[{"href":"https:\/\/www.evearly.news\/fr\/wp-json\/wp\/v2\/types\/post"}],"author":[{"embeddable":true,"href":"https:\/\/www.evearly.news\/fr\/wp-json\/wp\/v2\/users\/9"}],"replies":[{"embeddable":true,"href":"https:\/\/www.evearly.news\/fr\/wp-json\/wp\/v2\/comments?post=311238"}],"version-history":[{"count":0,"href":"https:\/\/www.evearly.news\/fr\/wp-json\/wp\/v2\/posts\/311238\/revisions"}],"wp:featuredmedia":[{"embeddable":true,"href":"https:\/\/www.evearly.news\/fr\/wp-json\/wp\/v2\/media\/311239"}],"wp:attachment":[{"href":"https:\/\/www.evearly.news\/fr\/wp-json\/wp\/v2\/media?parent=311238"}],"wp:term":[{"taxonomy":"category","embeddable":true,"href":"https:\/\/www.evearly.news\/fr\/wp-json\/wp\/v2\/categories?post=311238"},{"taxonomy":"post_tag","embeddable":true,"href":"https:\/\/www.evearly.news\/fr\/wp-json\/wp\/v2\/tags?post=311238"}],"curies":[{"name":"wp","href":"https:\/\/api.w.org\/{rel}","templated":true}]}}