{"id":311240,"date":"2025-10-27T17:18:23","date_gmt":"2025-10-27T16:18:23","guid":{"rendered":"https:\/\/www.evearly.news\/fr\/alpine-devoile-les-prix-du-concurrent-francais-du-porsche-macan-3-moteurs-et-une-sono-devialet-pour-bien-moins-cher\/"},"modified":"2025-10-27T17:18:23","modified_gmt":"2025-10-27T16:18:23","slug":"alpine-devoile-les-prix-du-concurrent-francais-du-porsche-macan-3-moteurs-et-une-sono-devialet-pour-bien-moins-cher","status":"publish","type":"post","link":"https:\/\/www.evearly.news\/fr\/alpine-devoile-les-prix-du-concurrent-francais-du-porsche-macan-3-moteurs-et-une-sono-devialet-pour-bien-moins-cher\/","title":{"rendered":"Alpine d\u00e9voile les prix du concurrent fran\u00e7ais du Porsche Macan : 3 moteurs et une sono Devialet pour bien moins cher"},"content":{"rendered":"<p><img loading=\"lazy\" width=\"1200\" height=\"675\" src=\"https:\/\/www.evearly.news\/fr\/wp-content\/uploads\/sites\/6\/2025\/10\/alpine-devoile-les-prix-du-concurrent-francais-du-porsche-macan-3-moteurs-et-une-sono-devialet-pour-bien-moins-cher.jpg\" class=\"attachment-full size-full wp-post-image\" alt=\"\" decoding=\"async\" \/<br \/>\nQuelques mois apr\u00e8s sa pr\u00e9sentation, l&rsquo;Alpine A390 d\u00e9voile ses tarifs. Cette voiture \u00e9lectrique fran\u00e7aise ultra-performante n&rsquo;est \u00e9videmment pas donn\u00e9e, mais se positionne plut\u00f4t favorablement dans sa cat\u00e9gorie.<br \/>\n <a href=https:\/\/www.frandroid.com\/survoltes\/voitures-electriques\/2845065_alpine-devoile-les-prix-du-concurrent-francais-du-porsche-macan-3-moteurs-et-une-sono-devialet-pour-bien-moins-cher target='blank'>Lire la suite&#8230;<\/a><\/p>\n","protected":false},"excerpt":{"rendered":"<p>&lt;img width=&quot;1200&quot; height=&quot;675&quot; src=&quot;https:\/\/www.evearly.news\/fr\/wp-content\/uploads\/sites\/6\/2025\/10\/alpine-devoile-les-prix-du-concurrent-francais-du-porsche-macan-3-moteurs-et-une-sono-devialet-pour-bien-moins-cher.jpg&quot; class=&quot;attachment-full size-full wp-post-image&quot; alt=&quot;&quot; decoding=&quot;async&quot; \/<br \/>\nQuelques mois apr\u00e8s sa pr\u00e9sentation, l&rsquo;Alpine A390 d\u00e9voile ses tarifs. Cette voiture \u00e9lectrique fran\u00e7aise ultra-performante n&rsquo;est \u00e9videmment pas donn\u00e9e, mais se positionne plut\u00f4t favorablement dans sa cat\u00e9gorie.\n<\/p>\n<p> <a class=\"continue-reading-link\" href=\"https:\/\/www.evearly.news\/fr\/alpine-devoile-les-prix-du-concurrent-francais-du-porsche-macan-3-moteurs-et-une-sono-devialet-pour-bien-moins-cher\/\"><\/a><\/p>\n","protected":false},"author":6,"featured_media":311241,"comment_status":"closed","ping_status":"open","sticky":false,"template":"Default","format":"standard","meta":{"footnotes":""},"categories":[14],"tags":[],"class_list":["post-311240","post","type-post","status-publish","format-standard","has-post-thumbnail","hentry","category-frandroid"],"_links":{"self":[{"href":"https:\/\/www.evearly.news\/fr\/wp-json\/wp\/v2\/posts\/311240","targetHints":{"allow":["GET"]}}],"collection":[{"href":"https:\/\/www.evearly.news\/fr\/wp-json\/wp\/v2\/posts"}],"about":[{"href":"https:\/\/www.evearly.news\/fr\/wp-json\/wp\/v2\/types\/post"}],"author":[{"embeddable":true,"href":"https:\/\/www.evearly.news\/fr\/wp-json\/wp\/v2\/users\/6"}],"replies":[{"embeddable":true,"href":"https:\/\/www.evearly.news\/fr\/wp-json\/wp\/v2\/comments?post=311240"}],"version-history":[{"count":0,"href":"https:\/\/www.evearly.news\/fr\/wp-json\/wp\/v2\/posts\/311240\/revisions"}],"wp:featuredmedia":[{"embeddable":true,"href":"https:\/\/www.evearly.news\/fr\/wp-json\/wp\/v2\/media\/311241"}],"wp:attachment":[{"href":"https:\/\/www.evearly.news\/fr\/wp-json\/wp\/v2\/media?parent=311240"}],"wp:term":[{"taxonomy":"category","embeddable":true,"href":"https:\/\/www.evearly.news\/fr\/wp-json\/wp\/v2\/categories?post=311240"},{"taxonomy":"post_tag","embeddable":true,"href":"https:\/\/www.evearly.news\/fr\/wp-json\/wp\/v2\/tags?post=311240"}],"curies":[{"name":"wp","href":"https:\/\/api.w.org\/{rel}","templated":true}]}}