{"id":311244,"date":"2025-10-27T18:05:26","date_gmt":"2025-10-27T17:05:26","guid":{"rendered":"https:\/\/www.evearly.news\/fr\/frein-a-main-defaillant-renault-rappelle-en-urgence-six-de-ses-modeles\/"},"modified":"2025-10-27T18:05:26","modified_gmt":"2025-10-27T17:05:26","slug":"frein-a-main-defaillant-renault-rappelle-en-urgence-six-de-ses-modeles","status":"publish","type":"post","link":"https:\/\/www.evearly.news\/fr\/frein-a-main-defaillant-renault-rappelle-en-urgence-six-de-ses-modeles\/","title":{"rendered":"Frein \u00e0 main d\u00e9faillant\u00a0: Renault rappelle en urgence six de ses mod\u00e8les"},"content":{"rendered":"<p><img loading=\"lazy\" width=\"1920\" height=\"1280\" src=\"https:\/\/www.evearly.news\/fr\/wp-content\/uploads\/sites\/6\/2025\/10\/frein-a-main-defaillant-renault-rappelle-en-urgence-six-de-ses-modeles.jpg\" class=\"attachment-full size-full wp-post-image\" alt=\"Renault Frein Main\" decoding=\"async\" srcset=\"https:\/\/www.evearly.news\/fr\/wp-content\/uploads\/sites\/6\/2025\/10\/frein-a-main-defaillant-renault-rappelle-en-urgence-six-de-ses-modeles.jpg 1920w, https:\/\/www.evearly.news\/fr\/wp-content\/uploads\/sites\/6\/2025\/10\/frein-a-main-defaillant-renault-rappelle-en-urgence-six-de-ses-modeles-1.jpg 384w, https:\/\/www.evearly.news\/fr\/wp-content\/uploads\/sites\/6\/2025\/10\/frein-a-main-defaillant-renault-rappelle-en-urgence-six-de-ses-modeles-2.jpg 880w, https:\/\/www.evearly.news\/fr\/wp-content\/uploads\/sites\/6\/2025\/10\/frein-a-main-defaillant-renault-rappelle-en-urgence-six-de-ses-modeles-3.jpg 50w, https:\/\/www.evearly.news\/fr\/wp-content\/uploads\/sites\/6\/2025\/10\/frein-a-main-defaillant-renault-rappelle-en-urgence-six-de-ses-modeles-4.jpg 640w, https:\/\/www.evearly.news\/fr\/wp-content\/uploads\/sites\/6\/2025\/10\/frein-a-main-defaillant-renault-rappelle-en-urgence-six-de-ses-modeles-5.jpg 1280w, https:\/\/www.presse-citron.net\/app\/uploads\/2025\/10\/renault-frein-main-1632x1088.jpg 1632w\" sizes=\"auto, (max-width: 1920px) 100vw, 1920px\"><\/p>\n<p>Coup dur pour Renault qui doit proc\u00e9der au rappel de six mod\u00e8les, pour un souci li\u00e9 au frein de stationnement.<a href=\"https:\/\/www.presse-citron.net\/frein-a-main-defaillant-renault-rappelle-urgence-six-modeles\/\" target=blank> Lire la suite&#8230;<\/a><\/p>\n","protected":false},"excerpt":{"rendered":"<p>Coup dur pour Renault qui doit proc\u00e9der au rappel de six mod\u00e8les, pour un souci li\u00e9 au frein de stationnement&#8230;. <a class=\"continue-reading-link\" href=\"https:\/\/www.evearly.news\/fr\/frein-a-main-defaillant-renault-rappelle-en-urgence-six-de-ses-modeles\/\"><\/a><\/p>\n","protected":false},"author":18,"featured_media":311245,"comment_status":"closed","ping_status":"open","sticky":false,"template":"Default","format":"standard","meta":{"footnotes":""},"categories":[19],"tags":[],"class_list":["post-311244","post","type-post","status-publish","format-standard","has-post-thumbnail","hentry","category-presse-citron"],"_links":{"self":[{"href":"https:\/\/www.evearly.news\/fr\/wp-json\/wp\/v2\/posts\/311244","targetHints":{"allow":["GET"]}}],"collection":[{"href":"https:\/\/www.evearly.news\/fr\/wp-json\/wp\/v2\/posts"}],"about":[{"href":"https:\/\/www.evearly.news\/fr\/wp-json\/wp\/v2\/types\/post"}],"author":[{"embeddable":true,"href":"https:\/\/www.evearly.news\/fr\/wp-json\/wp\/v2\/users\/18"}],"replies":[{"embeddable":true,"href":"https:\/\/www.evearly.news\/fr\/wp-json\/wp\/v2\/comments?post=311244"}],"version-history":[{"count":0,"href":"https:\/\/www.evearly.news\/fr\/wp-json\/wp\/v2\/posts\/311244\/revisions"}],"wp:featuredmedia":[{"embeddable":true,"href":"https:\/\/www.evearly.news\/fr\/wp-json\/wp\/v2\/media\/311245"}],"wp:attachment":[{"href":"https:\/\/www.evearly.news\/fr\/wp-json\/wp\/v2\/media?parent=311244"}],"wp:term":[{"taxonomy":"category","embeddable":true,"href":"https:\/\/www.evearly.news\/fr\/wp-json\/wp\/v2\/categories?post=311244"},{"taxonomy":"post_tag","embeddable":true,"href":"https:\/\/www.evearly.news\/fr\/wp-json\/wp\/v2\/tags?post=311244"}],"curies":[{"name":"wp","href":"https:\/\/api.w.org\/{rel}","templated":true}]}}