{"id":311395,"date":"2025-10-29T14:27:21","date_gmt":"2025-10-29T13:27:21","guid":{"rendered":"https:\/\/www.evearly.news\/fr\/mercedes-copie-bmw-pour-sa-future-classe-e-electrique\/"},"modified":"2025-10-29T14:27:21","modified_gmt":"2025-10-29T13:27:21","slug":"mercedes-copie-bmw-pour-sa-future-classe-e-electrique","status":"publish","type":"post","link":"https:\/\/www.evearly.news\/fr\/mercedes-copie-bmw-pour-sa-future-classe-e-electrique\/","title":{"rendered":"Mercedes copie BMW pour sa future Classe E \u00e9lectrique"},"content":{"rendered":"<div class=\"media_block\"><img decoding=\"async\" src=\"https:\/\/www.evearly.news\/fr\/wp-content\/uploads\/sites\/6\/2025\/10\/mercedes-copie-bmw-pour-sa-future-classe-e-electrique.jpg\"><\/div>\n<p>Il y a 7 ans, Mercedes-Benz lan\u00e7ait son offensive \u00e9lectrique avec le SUV EQC. Suivirent, les singuli\u00e8res limousines profil\u00e9es EQE et EQS dont l\u2019autonomie record fut un atout pour les chauffeurs de taxis. Mais dont la plastique atypique n\u2019a pas s\u00e9duit le public. Depuis quelques temps, Mercedes fait volte-face et revient \u00e0 des profils plus traditionnels. Apr\u00e8s les GLC EQ et Classe C EQ attendus dans la gamme en 2026, c\u2019est la future Classe E sur prise s\u2019inscrivant dans la m\u00eame veine stylistique qui vient d\u2019\u00eatre d\u00e9busqu\u00e9e par nos chasseurs de scoops. Elle arrivera en 2027. <a href=https:\/\/www.automobile-magazine.fr\/scoops\/article\/49950-mercedes-copie-bmw-pour-sa-future-classe-e-electrique target='bwindow'>Lire la suite&#8230;<\/a><\/p>\n","protected":false},"excerpt":{"rendered":"<div class=\"media_block\"><img decoding=\"async\" src=\"https:\/\/www.evearly.news\/fr\/wp-content\/uploads\/sites\/6\/2025\/10\/mercedes-copie-bmw-pour-sa-future-classe-e-electrique.jpg\"><\/div>\n<p> <a class=\"continue-reading-link\" href=\"https:\/\/www.evearly.news\/fr\/mercedes-copie-bmw-pour-sa-future-classe-e-electrique\/\"><\/a><\/p>\n","protected":false},"author":7,"featured_media":311396,"comment_status":"closed","ping_status":"open","sticky":false,"template":"Default","format":"standard","meta":{"footnotes":""},"categories":[7],"tags":[],"class_list":["post-311395","post","type-post","status-publish","format-standard","has-post-thumbnail","hentry","category-automobile-magazine"],"_links":{"self":[{"href":"https:\/\/www.evearly.news\/fr\/wp-json\/wp\/v2\/posts\/311395","targetHints":{"allow":["GET"]}}],"collection":[{"href":"https:\/\/www.evearly.news\/fr\/wp-json\/wp\/v2\/posts"}],"about":[{"href":"https:\/\/www.evearly.news\/fr\/wp-json\/wp\/v2\/types\/post"}],"author":[{"embeddable":true,"href":"https:\/\/www.evearly.news\/fr\/wp-json\/wp\/v2\/users\/7"}],"replies":[{"embeddable":true,"href":"https:\/\/www.evearly.news\/fr\/wp-json\/wp\/v2\/comments?post=311395"}],"version-history":[{"count":0,"href":"https:\/\/www.evearly.news\/fr\/wp-json\/wp\/v2\/posts\/311395\/revisions"}],"wp:featuredmedia":[{"embeddable":true,"href":"https:\/\/www.evearly.news\/fr\/wp-json\/wp\/v2\/media\/311396"}],"wp:attachment":[{"href":"https:\/\/www.evearly.news\/fr\/wp-json\/wp\/v2\/media?parent=311395"}],"wp:term":[{"taxonomy":"category","embeddable":true,"href":"https:\/\/www.evearly.news\/fr\/wp-json\/wp\/v2\/categories?post=311395"},{"taxonomy":"post_tag","embeddable":true,"href":"https:\/\/www.evearly.news\/fr\/wp-json\/wp\/v2\/tags?post=311395"}],"curies":[{"name":"wp","href":"https:\/\/api.w.org\/{rel}","templated":true}]}}