{"id":311440,"date":"2025-10-30T11:12:41","date_gmt":"2025-10-30T10:12:41","guid":{"rendered":"https:\/\/www.evearly.news\/fr\/toyota-transforme-son-modele-emblematique-en-voiture-electrique-voici-a-quoi-elle-ressemble\/"},"modified":"2025-10-30T11:12:41","modified_gmt":"2025-10-30T10:12:41","slug":"toyota-transforme-son-modele-emblematique-en-voiture-electrique-voici-a-quoi-elle-ressemble","status":"publish","type":"post","link":"https:\/\/www.evearly.news\/fr\/toyota-transforme-son-modele-emblematique-en-voiture-electrique-voici-a-quoi-elle-ressemble\/","title":{"rendered":"Toyota transforme son mod\u00e8le embl\u00e9matique en voiture \u00e9lectrique : voici \u00e0 quoi elle ressemble"},"content":{"rendered":"<p><img width=\"1200\" height=\"675\" src=\"https:\/\/www.evearly.news\/fr\/wp-content\/uploads\/sites\/6\/2025\/10\/toyota-transforme-son-modele-emblematique-en-voiture-electrique-voici-a-quoi-elle-ressemble.jpg\" class=\"attachment-full size-full wp-post-image\" alt=\"\" decoding=\"async\" loading=\"lazy\" \/<br \/>\nToyota croit enfin \u00e0 la voiture \u00e9lectrique et d\u00e9voile un concept annon\u00e7ant la prochaine g\u00e9n\u00e9ration de sa Corolla. L\u2019auto la plus vendue au monde va \u00e9voluer en profondeur, et tout particuli\u00e8rement sous le capot.<br \/>\n <a href=https:\/\/www.frandroid.com\/marques\/toyota\/2848219_toyota-transforme-son-modele-emblematique-en-voiture-electrique-voici-a-quoi-elle-ressemble target='blank'>Lire la suite&#8230;<\/a><\/p>\n","protected":false},"excerpt":{"rendered":"<p>&lt;img width=&quot;1200&quot; height=&quot;675&quot; src=&quot;https:\/\/www.evearly.news\/fr\/wp-content\/uploads\/sites\/6\/2025\/10\/toyota-transforme-son-modele-emblematique-en-voiture-electrique-voici-a-quoi-elle-ressemble.jpg&quot; class=&quot;attachment-full size-full wp-post-image&quot; alt=&quot;&quot; decoding=&quot;async&quot; loading=&quot;lazy&quot; \/<br \/>\nToyota croit enfin \u00e0 la voiture \u00e9lectrique et d\u00e9voile un concept annon\u00e7ant la prochaine g\u00e9n\u00e9ration de sa Corolla. L\u2019auto la plus vendue au monde va \u00e9voluer en profondeur, et tout particuli\u00e8rement sous le capot.\n<\/p>\n<p> <a class=\"continue-reading-link\" href=\"https:\/\/www.evearly.news\/fr\/toyota-transforme-son-modele-emblematique-en-voiture-electrique-voici-a-quoi-elle-ressemble\/\"><\/a><\/p>\n","protected":false},"author":6,"featured_media":311441,"comment_status":"closed","ping_status":"open","sticky":false,"template":"Default","format":"standard","meta":{"footnotes":""},"categories":[14],"tags":[],"class_list":["post-311440","post","type-post","status-publish","format-standard","has-post-thumbnail","hentry","category-frandroid"],"_links":{"self":[{"href":"https:\/\/www.evearly.news\/fr\/wp-json\/wp\/v2\/posts\/311440","targetHints":{"allow":["GET"]}}],"collection":[{"href":"https:\/\/www.evearly.news\/fr\/wp-json\/wp\/v2\/posts"}],"about":[{"href":"https:\/\/www.evearly.news\/fr\/wp-json\/wp\/v2\/types\/post"}],"author":[{"embeddable":true,"href":"https:\/\/www.evearly.news\/fr\/wp-json\/wp\/v2\/users\/6"}],"replies":[{"embeddable":true,"href":"https:\/\/www.evearly.news\/fr\/wp-json\/wp\/v2\/comments?post=311440"}],"version-history":[{"count":0,"href":"https:\/\/www.evearly.news\/fr\/wp-json\/wp\/v2\/posts\/311440\/revisions"}],"wp:featuredmedia":[{"embeddable":true,"href":"https:\/\/www.evearly.news\/fr\/wp-json\/wp\/v2\/media\/311441"}],"wp:attachment":[{"href":"https:\/\/www.evearly.news\/fr\/wp-json\/wp\/v2\/media?parent=311440"}],"wp:term":[{"taxonomy":"category","embeddable":true,"href":"https:\/\/www.evearly.news\/fr\/wp-json\/wp\/v2\/categories?post=311440"},{"taxonomy":"post_tag","embeddable":true,"href":"https:\/\/www.evearly.news\/fr\/wp-json\/wp\/v2\/tags?post=311440"}],"curies":[{"name":"wp","href":"https:\/\/api.w.org\/{rel}","templated":true}]}}