{"id":311442,"date":"2025-10-30T11:52:15","date_gmt":"2025-10-30T10:52:15","guid":{"rendered":"https:\/\/www.evearly.news\/fr\/leasing-social-des-milliers-de-voitures-electriques-sont-encore-disponibles\/"},"modified":"2025-10-30T11:52:15","modified_gmt":"2025-10-30T10:52:15","slug":"leasing-social-des-milliers-de-voitures-electriques-sont-encore-disponibles","status":"publish","type":"post","link":"https:\/\/www.evearly.news\/fr\/leasing-social-des-milliers-de-voitures-electriques-sont-encore-disponibles\/","title":{"rendered":"Leasing social : des milliers de voitures \u00e9lectriques sont encore disponibles"},"content":{"rendered":"<p><img loading=\"lazy\" decoding=\"async\" width=\"500\" height=\"333\" src=\"https:\/\/www.evearly.news\/fr\/wp-content\/uploads\/sites\/6\/2025\/10\/leasing-social-des-milliers-de-voitures-electriques-sont-encore-disponibles.jpg\" class=\"attachment-1200x800 size-1200x800 wp-post-image\" alt=\"\" srcset=\"https:\/\/www.evearly.news\/fr\/wp-content\/uploads\/sites\/6\/2025\/10\/leasing-social-des-milliers-de-voitures-electriques-sont-encore-disponibles.jpg 1600w, https:\/\/www.evearly.news\/fr\/wp-content\/uploads\/sites\/6\/2025\/10\/leasing-social-des-milliers-de-voitures-electriques-sont-encore-disponibles-1.jpg 1024w, https:\/\/www.evearly.news\/fr\/wp-content\/uploads\/sites\/6\/2025\/10\/leasing-social-des-milliers-de-voitures-electriques-sont-encore-disponibles-2.jpg 768w, https:\/\/www.evearly.news\/fr\/wp-content\/uploads\/sites\/6\/2025\/10\/leasing-social-des-milliers-de-voitures-electriques-sont-encore-disponibles-3.jpg 1536w, https:\/\/cdn.automobile-propre.com\/uploads\/2025\/03\/Renault-R5-electrique-evolution-petite-batterie-essai-20-620x349.jpg 620w\" sizes=\"auto, (max-width: 1200px) 100vw, 1200px\" \/><br \/>\nApr\u00e8s un franc succ\u00e8s au cours de la premi\u00e8re semaine d&rsquo;ouverture, le leasing social peine \u00e0 atteindre son objectif de 50 000 v\u00e9hicules. Si vous h\u00e9sitiez, c&rsquo;est peut-\u00eatre le moment ou jamais !\u00a0<a href=https:\/\/www.automobile-propre.com\/breves\/leasing-social-un-mois-apres-le-lancement-des-milliers-de-vehicules-electriques-sont-encore-disponibles\/ target='bwindow'>Lire la suite&#8230;<\/a><\/p>\n","protected":false},"excerpt":{"rendered":"<p>&#8230; <a class=\"continue-reading-link\" href=\"https:\/\/www.evearly.news\/fr\/leasing-social-des-milliers-de-voitures-electriques-sont-encore-disponibles\/\"><\/a><\/p>\n","protected":false},"author":8,"featured_media":311443,"comment_status":"closed","ping_status":"open","sticky":false,"template":"Default","format":"standard","meta":{"footnotes":""},"categories":[8],"tags":[],"class_list":["post-311442","post","type-post","status-publish","format-standard","has-post-thumbnail","hentry","category-automobile-propre"],"_links":{"self":[{"href":"https:\/\/www.evearly.news\/fr\/wp-json\/wp\/v2\/posts\/311442","targetHints":{"allow":["GET"]}}],"collection":[{"href":"https:\/\/www.evearly.news\/fr\/wp-json\/wp\/v2\/posts"}],"about":[{"href":"https:\/\/www.evearly.news\/fr\/wp-json\/wp\/v2\/types\/post"}],"author":[{"embeddable":true,"href":"https:\/\/www.evearly.news\/fr\/wp-json\/wp\/v2\/users\/8"}],"replies":[{"embeddable":true,"href":"https:\/\/www.evearly.news\/fr\/wp-json\/wp\/v2\/comments?post=311442"}],"version-history":[{"count":0,"href":"https:\/\/www.evearly.news\/fr\/wp-json\/wp\/v2\/posts\/311442\/revisions"}],"wp:featuredmedia":[{"embeddable":true,"href":"https:\/\/www.evearly.news\/fr\/wp-json\/wp\/v2\/media\/311443"}],"wp:attachment":[{"href":"https:\/\/www.evearly.news\/fr\/wp-json\/wp\/v2\/media?parent=311442"}],"wp:term":[{"taxonomy":"category","embeddable":true,"href":"https:\/\/www.evearly.news\/fr\/wp-json\/wp\/v2\/categories?post=311442"},{"taxonomy":"post_tag","embeddable":true,"href":"https:\/\/www.evearly.news\/fr\/wp-json\/wp\/v2\/tags?post=311442"}],"curies":[{"name":"wp","href":"https:\/\/api.w.org\/{rel}","templated":true}]}}