{"id":311444,"date":"2025-10-30T12:11:55","date_gmt":"2025-10-30T11:11:55","guid":{"rendered":"https:\/\/www.evearly.news\/fr\/135e-damende-et-le-vehicule-immobilise-des-le-1er-novembre-ces-pneus-sont-obligatoires-etes-vous-concerne\/"},"modified":"2025-10-30T12:11:55","modified_gmt":"2025-10-30T11:11:55","slug":"135e-damende-et-le-vehicule-immobilise-des-le-1er-novembre-ces-pneus-sont-obligatoires-etes-vous-concerne","status":"publish","type":"post","link":"https:\/\/www.evearly.news\/fr\/135e-damende-et-le-vehicule-immobilise-des-le-1er-novembre-ces-pneus-sont-obligatoires-etes-vous-concerne\/","title":{"rendered":"\u00ab\u00a0135\u20ac d\u2019amende et le v\u00e9hicule immobilis\u00e9\u00a0\u00bb\u00a0: d\u00e8s le 1er novembre, ces pneus sont obligatoires, \u00eates vous concern\u00e9\u00a0?"},"content":{"rendered":"<p><img loading=\"lazy\" width=\"1500\" height=\"1000\" src=\"https:\/\/www.evearly.news\/fr\/wp-content\/uploads\/sites\/6\/2025\/10\/135e-damende-et-le-vehicule-immobilise-des-le-1er-novembre-ces-pneus-sont-obligatoires-etes-vous-concerne.jpg\" class=\"attachment-full size-full wp-post-image\" alt=\"Pneu Hiver Reglementation Amende\" decoding=\"async\" srcset=\"https:\/\/www.evearly.news\/fr\/wp-content\/uploads\/sites\/6\/2025\/10\/135e-damende-et-le-vehicule-immobilise-des-le-1er-novembre-ces-pneus-sont-obligatoires-etes-vous-concerne.jpg 1500w, https:\/\/www.evearly.news\/fr\/wp-content\/uploads\/sites\/6\/2025\/10\/135e-damende-et-le-vehicule-immobilise-des-le-1er-novembre-ces-pneus-sont-obligatoires-etes-vous-concerne-1.jpg 384w, https:\/\/www.evearly.news\/fr\/wp-content\/uploads\/sites\/6\/2025\/10\/135e-damende-et-le-vehicule-immobilise-des-le-1er-novembre-ces-pneus-sont-obligatoires-etes-vous-concerne-2.jpg 880w, https:\/\/www.evearly.news\/fr\/wp-content\/uploads\/sites\/6\/2025\/10\/135e-damende-et-le-vehicule-immobilise-des-le-1er-novembre-ces-pneus-sont-obligatoires-etes-vous-concerne-3.jpg 50w, https:\/\/www.evearly.news\/fr\/wp-content\/uploads\/sites\/6\/2025\/10\/135e-damende-et-le-vehicule-immobilise-des-le-1er-novembre-ces-pneus-sont-obligatoires-etes-vous-concerne-4.jpg 640w, https:\/\/www.presse-citron.net\/app\/uploads\/2024\/12\/pneu-hiver-reglementation-amende-1280x853.jpg 1280w\" sizes=\"auto, (max-width: 1500px) 100vw, 1500px\"><\/p>\n<p>\u00c0 partir du 1er novembre 2025, ces pneus ne seront plus autoris\u00e9s dans 34 d\u00e9partements. Les automobilistes devront imp\u00e9rativement s\u2019\u00e9quiper de mod\u00e8les bien sp\u00e9cifiques sous peine de recevoir une amende.<a href=\"https:\/\/www.presse-citron.net\/135e-damende-et-le-vehicule-immobilise-des-le-1er-novembre-ces-pneus-sont-obligatoires-etes-vous-concerne\/\" target=blank> Lire la suite&#8230;<\/a><\/p>\n","protected":false},"excerpt":{"rendered":"<p>\u00c0 partir du 1er novembre 2025, ces pneus ne seront plus autoris\u00e9s dans 34 d\u00e9partements. Les automobilistes devront imp\u00e9rativement s\u2019\u00e9quiper de mod\u00e8les bien sp\u00e9cifiques sous peine de recevoir une amende&#8230;. <a class=\"continue-reading-link\" href=\"https:\/\/www.evearly.news\/fr\/135e-damende-et-le-vehicule-immobilise-des-le-1er-novembre-ces-pneus-sont-obligatoires-etes-vous-concerne\/\"><\/a><\/p>\n","protected":false},"author":18,"featured_media":311445,"comment_status":"closed","ping_status":"open","sticky":false,"template":"Default","format":"standard","meta":{"footnotes":""},"categories":[19],"tags":[],"class_list":["post-311444","post","type-post","status-publish","format-standard","has-post-thumbnail","hentry","category-presse-citron"],"_links":{"self":[{"href":"https:\/\/www.evearly.news\/fr\/wp-json\/wp\/v2\/posts\/311444","targetHints":{"allow":["GET"]}}],"collection":[{"href":"https:\/\/www.evearly.news\/fr\/wp-json\/wp\/v2\/posts"}],"about":[{"href":"https:\/\/www.evearly.news\/fr\/wp-json\/wp\/v2\/types\/post"}],"author":[{"embeddable":true,"href":"https:\/\/www.evearly.news\/fr\/wp-json\/wp\/v2\/users\/18"}],"replies":[{"embeddable":true,"href":"https:\/\/www.evearly.news\/fr\/wp-json\/wp\/v2\/comments?post=311444"}],"version-history":[{"count":0,"href":"https:\/\/www.evearly.news\/fr\/wp-json\/wp\/v2\/posts\/311444\/revisions"}],"wp:featuredmedia":[{"embeddable":true,"href":"https:\/\/www.evearly.news\/fr\/wp-json\/wp\/v2\/media\/311445"}],"wp:attachment":[{"href":"https:\/\/www.evearly.news\/fr\/wp-json\/wp\/v2\/media?parent=311444"}],"wp:term":[{"taxonomy":"category","embeddable":true,"href":"https:\/\/www.evearly.news\/fr\/wp-json\/wp\/v2\/categories?post=311444"},{"taxonomy":"post_tag","embeddable":true,"href":"https:\/\/www.evearly.news\/fr\/wp-json\/wp\/v2\/tags?post=311444"}],"curies":[{"name":"wp","href":"https:\/\/api.w.org\/{rel}","templated":true}]}}