{"id":311452,"date":"2025-10-30T12:15:37","date_gmt":"2025-10-30T11:15:37","guid":{"rendered":"https:\/\/www.evearly.news\/fr\/lmxo-quest-ce-que-cette-nouvelle-batterie-sans-cobalt-et-pourquoi-elle-interesse-renault-pour-ses-prochaines-voitures-electriques\/"},"modified":"2025-10-30T12:15:37","modified_gmt":"2025-10-30T11:15:37","slug":"lmxo-quest-ce-que-cette-nouvelle-batterie-sans-cobalt-et-pourquoi-elle-interesse-renault-pour-ses-prochaines-voitures-electriques","status":"publish","type":"post","link":"https:\/\/www.evearly.news\/fr\/lmxo-quest-ce-que-cette-nouvelle-batterie-sans-cobalt-et-pourquoi-elle-interesse-renault-pour-ses-prochaines-voitures-electriques\/","title":{"rendered":"LMXO : qu\u2019est-ce que cette nouvelle batterie sans cobalt, et pourquoi elle int\u00e9resse Renault pour ses prochaines voitures \u00e9lectriques"},"content":{"rendered":"<p><img width=\"1200\" height=\"675\" src=\"https:\/\/www.evearly.news\/fr\/wp-content\/uploads\/sites\/6\/2025\/10\/lmxo-quest-ce-que-cette-nouvelle-batterie-sans-cobalt-et-pourquoi-elle-interesse-renault-pour-ses-prochaines-voitures-electriques.jpg\" class=\"attachment-full size-full wp-post-image\" alt=\"\" decoding=\"async\" loading=\"lazy\" \/<br \/>\nAmpere, filiale du groupe Renault d\u00e9di\u00e9e \u00e0 l\u2019\u00e9lectrique, vient de signer un accord avec l\u2019entreprise am\u00e9ricaine Stratus Materials. Les deux partenaires travailleront sur le d\u00e9veloppement d\u2019une nouvelle batterie sans cobalt pour les futures voitures \u00e9lectriques du groupe.<br \/>\n <a href=https:\/\/www.frandroid.com\/marques\/renault\/2848331_lmxo-quest-ce-que-cette-nouvelle-batterie-sans-cobalt-et-pourquoi-elle-interesse-renault-pour-ses-prochaines-voitures-electriques target='blank'>Lire la suite&#8230;<\/a><\/p>\n","protected":false},"excerpt":{"rendered":"<p>&lt;img width=&quot;1200&quot; height=&quot;675&quot; src=&quot;https:\/\/www.evearly.news\/fr\/wp-content\/uploads\/sites\/6\/2025\/10\/lmxo-quest-ce-que-cette-nouvelle-batterie-sans-cobalt-et-pourquoi-elle-interesse-renault-pour-ses-prochaines-voitures-electriques.jpg&quot; class=&quot;attachment-full size-full wp-post-image&quot; alt=&quot;&quot; decoding=&quot;async&quot; loading=&quot;lazy&quot; \/<br \/>\nAmpere, filiale du groupe Renault d\u00e9di\u00e9e \u00e0 l\u2019\u00e9lectrique, vient de signer un accord avec l\u2019entreprise am\u00e9ricaine Stratus Materials. Les deux partenaires travailleront sur le d\u00e9veloppement d\u2019une nouvelle batterie sans cobalt pour les futures voitures \u00e9lectriques du groupe.\n<\/p>\n<p> <a class=\"continue-reading-link\" href=\"https:\/\/www.evearly.news\/fr\/lmxo-quest-ce-que-cette-nouvelle-batterie-sans-cobalt-et-pourquoi-elle-interesse-renault-pour-ses-prochaines-voitures-electriques\/\"><\/a><\/p>\n","protected":false},"author":6,"featured_media":311453,"comment_status":"closed","ping_status":"open","sticky":false,"template":"Default","format":"standard","meta":{"footnotes":""},"categories":[14],"tags":[],"class_list":["post-311452","post","type-post","status-publish","format-standard","has-post-thumbnail","hentry","category-frandroid"],"_links":{"self":[{"href":"https:\/\/www.evearly.news\/fr\/wp-json\/wp\/v2\/posts\/311452","targetHints":{"allow":["GET"]}}],"collection":[{"href":"https:\/\/www.evearly.news\/fr\/wp-json\/wp\/v2\/posts"}],"about":[{"href":"https:\/\/www.evearly.news\/fr\/wp-json\/wp\/v2\/types\/post"}],"author":[{"embeddable":true,"href":"https:\/\/www.evearly.news\/fr\/wp-json\/wp\/v2\/users\/6"}],"replies":[{"embeddable":true,"href":"https:\/\/www.evearly.news\/fr\/wp-json\/wp\/v2\/comments?post=311452"}],"version-history":[{"count":0,"href":"https:\/\/www.evearly.news\/fr\/wp-json\/wp\/v2\/posts\/311452\/revisions"}],"wp:featuredmedia":[{"embeddable":true,"href":"https:\/\/www.evearly.news\/fr\/wp-json\/wp\/v2\/media\/311453"}],"wp:attachment":[{"href":"https:\/\/www.evearly.news\/fr\/wp-json\/wp\/v2\/media?parent=311452"}],"wp:term":[{"taxonomy":"category","embeddable":true,"href":"https:\/\/www.evearly.news\/fr\/wp-json\/wp\/v2\/categories?post=311452"},{"taxonomy":"post_tag","embeddable":true,"href":"https:\/\/www.evearly.news\/fr\/wp-json\/wp\/v2\/tags?post=311452"}],"curies":[{"name":"wp","href":"https:\/\/api.w.org\/{rel}","templated":true}]}}