{"id":312146,"date":"2025-11-12T14:52:13","date_gmt":"2025-11-12T13:52:13","guid":{"rendered":"https:\/\/www.evearly.news\/fr\/nouveau-mercedes-glb-electrique-les-premieres-photos-officielles\/"},"modified":"2025-11-12T14:52:13","modified_gmt":"2025-11-12T13:52:13","slug":"nouveau-mercedes-glb-electrique-les-premieres-photos-officielles","status":"publish","type":"post","link":"https:\/\/www.evearly.news\/fr\/nouveau-mercedes-glb-electrique-les-premieres-photos-officielles\/","title":{"rendered":"Nouveau Mercedes GLB \u00e9lectrique : les premi\u00e8res photos officielles"},"content":{"rendered":"<p><img loading=\"lazy\" decoding=\"async\" width=\"500\" height=\"333\" src=\"https:\/\/www.evearly.news\/fr\/wp-content\/uploads\/sites\/6\/2025\/11\/nouveau-mercedes-glb-electrique-les-premieres-photos-officielles.jpg\" class=\"attachment-1200x800 size-1200x800 wp-post-image\" alt=\"Mercedes GLB\" srcset=\"https:\/\/www.evearly.news\/fr\/wp-content\/uploads\/sites\/6\/2025\/11\/nouveau-mercedes-glb-electrique-les-premieres-photos-officielles.jpg 1536w, https:\/\/www.evearly.news\/fr\/wp-content\/uploads\/sites\/6\/2025\/11\/nouveau-mercedes-glb-electrique-les-premieres-photos-officielles-1.jpg 1640w, https:\/\/www.evearly.news\/fr\/wp-content\/uploads\/sites\/6\/2025\/11\/nouveau-mercedes-glb-electrique-les-premieres-photos-officielles-2.jpg 1024w, https:\/\/www.evearly.news\/fr\/wp-content\/uploads\/sites\/6\/2025\/11\/nouveau-mercedes-glb-electrique-les-premieres-photos-officielles-3.jpg 140w, https:\/\/www.evearly.news\/fr\/wp-content\/uploads\/sites\/6\/2025\/11\/nouveau-mercedes-glb-electrique-les-premieres-photos-officielles-4.jpg 768w, https:\/\/www.evearly.news\/fr\/wp-content\/uploads\/sites\/6\/2025\/11\/nouveau-mercedes-glb-electrique-les-premieres-photos-officielles-5.jpg 620w, https:\/\/www.evearly.news\/fr\/wp-content\/uploads\/sites\/6\/2025\/11\/nouveau-mercedes-glb-electrique-les-premieres-photos-officielles-6.jpg 100w, https:\/\/www.evearly.news\/fr\/wp-content\/uploads\/sites\/6\/2025\/11\/nouveau-mercedes-glb-electrique-les-premieres-photos-officielles-7.jpg 190w, https:\/\/www.evearly.news\/fr\/wp-content\/uploads\/sites\/6\/2025\/11\/nouveau-mercedes-glb-electrique-les-premieres-photos-officielles-8.jpg 600w, https:\/\/cdn.automobile-propre.com\/uploads\/2025\/11\/2026_Mercedes_GLB_05.jpg 1920w\" sizes=\"auto, (max-width: 1200px) 100vw, 1200px\" \/><br \/>\nL&rsquo;hiver approche, et Mercedes a choisi d&rsquo;annoncer son nouveau SUV \u00e9lectrique GLB en mettant en valeur le confort climatique \u00e0 bord. Il sera int\u00e9gralement d\u00e9voil\u00e9 en d\u00e9cembre avant des livraisons au printemps prochain.\u00a0<a href=https:\/\/www.automobile-propre.com\/breves\/nouveau-mercedes-glb-electrique-les-premieres-photos-officielles\/ target='bwindow'>Lire la suite&#8230;<\/a><\/p>\n","protected":false},"excerpt":{"rendered":"<p>&#8230; <a class=\"continue-reading-link\" href=\"https:\/\/www.evearly.news\/fr\/nouveau-mercedes-glb-electrique-les-premieres-photos-officielles\/\"><\/a><\/p>\n","protected":false},"author":8,"featured_media":312147,"comment_status":"closed","ping_status":"open","sticky":false,"template":"Default","format":"standard","meta":{"footnotes":""},"categories":[8],"tags":[],"class_list":["post-312146","post","type-post","status-publish","format-standard","has-post-thumbnail","hentry","category-automobile-propre"],"_links":{"self":[{"href":"https:\/\/www.evearly.news\/fr\/wp-json\/wp\/v2\/posts\/312146","targetHints":{"allow":["GET"]}}],"collection":[{"href":"https:\/\/www.evearly.news\/fr\/wp-json\/wp\/v2\/posts"}],"about":[{"href":"https:\/\/www.evearly.news\/fr\/wp-json\/wp\/v2\/types\/post"}],"author":[{"embeddable":true,"href":"https:\/\/www.evearly.news\/fr\/wp-json\/wp\/v2\/users\/8"}],"replies":[{"embeddable":true,"href":"https:\/\/www.evearly.news\/fr\/wp-json\/wp\/v2\/comments?post=312146"}],"version-history":[{"count":0,"href":"https:\/\/www.evearly.news\/fr\/wp-json\/wp\/v2\/posts\/312146\/revisions"}],"wp:featuredmedia":[{"embeddable":true,"href":"https:\/\/www.evearly.news\/fr\/wp-json\/wp\/v2\/media\/312147"}],"wp:attachment":[{"href":"https:\/\/www.evearly.news\/fr\/wp-json\/wp\/v2\/media?parent=312146"}],"wp:term":[{"taxonomy":"category","embeddable":true,"href":"https:\/\/www.evearly.news\/fr\/wp-json\/wp\/v2\/categories?post=312146"},{"taxonomy":"post_tag","embeddable":true,"href":"https:\/\/www.evearly.news\/fr\/wp-json\/wp\/v2\/tags?post=312146"}],"curies":[{"name":"wp","href":"https:\/\/api.w.org\/{rel}","templated":true}]}}