{"id":312154,"date":"2025-11-12T16:21:49","date_gmt":"2025-11-12T15:21:49","guid":{"rendered":"https:\/\/www.evearly.news\/fr\/ce-chiffre-denedis-montre-la-domination-absolue-des-flottes-dentreprises-sur-le-marche-de-la-voiture-electrique\/"},"modified":"2025-11-12T16:21:49","modified_gmt":"2025-11-12T15:21:49","slug":"ce-chiffre-denedis-montre-la-domination-absolue-des-flottes-dentreprises-sur-le-marche-de-la-voiture-electrique","status":"publish","type":"post","link":"https:\/\/www.evearly.news\/fr\/ce-chiffre-denedis-montre-la-domination-absolue-des-flottes-dentreprises-sur-le-marche-de-la-voiture-electrique\/","title":{"rendered":"Ce chiffre d\u2019ENEDIS montre la domination absolue des flottes d\u2019entreprises sur le march\u00e9 de la voiture \u00e9lectrique"},"content":{"rendered":"<p><img loading=\"lazy\" decoding=\"async\" width=\"500\" height=\"333\" src=\"https:\/\/www.evearly.news\/fr\/wp-content\/uploads\/sites\/6\/2025\/11\/ce-chiffre-denedis-montre-la-domination-absolue-des-flottes-dentreprises-sur-le-marche-de-la-voiture-electrique.webp\" class=\"attachment-1200x800 size-1200x800 wp-post-image\" alt=\"ENEDIS \u00e9tude flottes \u00e9lectriques\" srcset=\"https:\/\/www.evearly.news\/fr\/wp-content\/uploads\/sites\/6\/2025\/11\/ce-chiffre-denedis-montre-la-domination-absolue-des-flottes-dentreprises-sur-le-marche-de-la-voiture-electrique.webp 1200w, https:\/\/www.evearly.news\/fr\/wp-content\/uploads\/sites\/6\/2025\/11\/ce-chiffre-denedis-montre-la-domination-absolue-des-flottes-dentreprises-sur-le-marche-de-la-voiture-electrique-1.webp 1024w, https:\/\/www.evearly.news\/fr\/wp-content\/uploads\/sites\/6\/2025\/11\/ce-chiffre-denedis-montre-la-domination-absolue-des-flottes-dentreprises-sur-le-marche-de-la-voiture-electrique-2.webp 768w, https:\/\/cdn.automobile-propre.com\/uploads\/2025\/11\/enedis-cover-557x413.webp 557w\" sizes=\"auto, (max-width: 1080px) 100vw, 1080px\" \/><br \/>\nL\u2019\u00e9lectrification des flottes d\u2019entreprise acc\u00e9l\u00e8re, mais le foss\u00e9 se creuse entre pionniers et \u00ab\u00a0retardataires\u00a0\u00bb.\u00a0<a href=https:\/\/www.automobile-propre.com\/articles\/ce-chiffre-denedis-montre-la-domination-absolue-des-flottes-dentreprises-sur-le-marche-de-la-voiture-electrique\/ target='bwindow'>Lire la suite&#8230;<\/a><\/p>\n","protected":false},"excerpt":{"rendered":"<p>&#8230; <a class=\"continue-reading-link\" href=\"https:\/\/www.evearly.news\/fr\/ce-chiffre-denedis-montre-la-domination-absolue-des-flottes-dentreprises-sur-le-marche-de-la-voiture-electrique\/\"><\/a><\/p>\n","protected":false},"author":8,"featured_media":312155,"comment_status":"closed","ping_status":"open","sticky":false,"template":"Default","format":"standard","meta":{"footnotes":""},"categories":[8],"tags":[],"class_list":["post-312154","post","type-post","status-publish","format-standard","has-post-thumbnail","hentry","category-automobile-propre"],"_links":{"self":[{"href":"https:\/\/www.evearly.news\/fr\/wp-json\/wp\/v2\/posts\/312154","targetHints":{"allow":["GET"]}}],"collection":[{"href":"https:\/\/www.evearly.news\/fr\/wp-json\/wp\/v2\/posts"}],"about":[{"href":"https:\/\/www.evearly.news\/fr\/wp-json\/wp\/v2\/types\/post"}],"author":[{"embeddable":true,"href":"https:\/\/www.evearly.news\/fr\/wp-json\/wp\/v2\/users\/8"}],"replies":[{"embeddable":true,"href":"https:\/\/www.evearly.news\/fr\/wp-json\/wp\/v2\/comments?post=312154"}],"version-history":[{"count":0,"href":"https:\/\/www.evearly.news\/fr\/wp-json\/wp\/v2\/posts\/312154\/revisions"}],"wp:featuredmedia":[{"embeddable":true,"href":"https:\/\/www.evearly.news\/fr\/wp-json\/wp\/v2\/media\/312155"}],"wp:attachment":[{"href":"https:\/\/www.evearly.news\/fr\/wp-json\/wp\/v2\/media?parent=312154"}],"wp:term":[{"taxonomy":"category","embeddable":true,"href":"https:\/\/www.evearly.news\/fr\/wp-json\/wp\/v2\/categories?post=312154"},{"taxonomy":"post_tag","embeddable":true,"href":"https:\/\/www.evearly.news\/fr\/wp-json\/wp\/v2\/tags?post=312154"}],"curies":[{"name":"wp","href":"https:\/\/api.w.org\/{rel}","templated":true}]}}