{"id":312160,"date":"2025-11-12T19:22:28","date_gmt":"2025-11-12T18:22:28","guid":{"rendered":"https:\/\/www.evearly.news\/fr\/wallbox-devoile-la-pulsar-max-sa-nouvelle-borne-de-recharge-pour-les-particuliers\/"},"modified":"2025-11-12T19:22:28","modified_gmt":"2025-11-12T18:22:28","slug":"wallbox-devoile-la-pulsar-max-sa-nouvelle-borne-de-recharge-pour-les-particuliers","status":"publish","type":"post","link":"https:\/\/www.evearly.news\/fr\/wallbox-devoile-la-pulsar-max-sa-nouvelle-borne-de-recharge-pour-les-particuliers\/","title":{"rendered":"Wallbox d\u00e9voile la Pulsar Max, sa nouvelle borne de recharge pour les particuliers"},"content":{"rendered":"<p><img loading=\"lazy\" decoding=\"async\" width=\"500\" height=\"333\" src=\"https:\/\/www.evearly.news\/fr\/wp-content\/uploads\/sites\/6\/2025\/11\/wallbox-devoile-la-pulsar-max-sa-nouvelle-borne-de-recharge-pour-les-particuliers.webp\" class=\"attachment-1200x800 size-1200x800 wp-post-image\" alt=\"\" srcset=\"https:\/\/www.evearly.news\/fr\/wp-content\/uploads\/sites\/6\/2025\/11\/wallbox-devoile-la-pulsar-max-sa-nouvelle-borne-de-recharge-pour-les-particuliers.webp 1500w, https:\/\/www.evearly.news\/fr\/wp-content\/uploads\/sites\/6\/2025\/11\/wallbox-devoile-la-pulsar-max-sa-nouvelle-borne-de-recharge-pour-les-particuliers-1.webp 1024w, https:\/\/www.evearly.news\/fr\/wp-content\/uploads\/sites\/6\/2025\/11\/wallbox-devoile-la-pulsar-max-sa-nouvelle-borne-de-recharge-pour-les-particuliers-2.webp 140w, https:\/\/www.evearly.news\/fr\/wp-content\/uploads\/sites\/6\/2025\/11\/wallbox-devoile-la-pulsar-max-sa-nouvelle-borne-de-recharge-pour-les-particuliers-3.webp 768w, https:\/\/www.evearly.news\/fr\/wp-content\/uploads\/sites\/6\/2025\/11\/wallbox-devoile-la-pulsar-max-sa-nouvelle-borne-de-recharge-pour-les-particuliers-4.webp 620w, https:\/\/www.evearly.news\/fr\/wp-content\/uploads\/sites\/6\/2025\/11\/wallbox-devoile-la-pulsar-max-sa-nouvelle-borne-de-recharge-pour-les-particuliers-5.webp 100w, https:\/\/www.evearly.news\/fr\/wp-content\/uploads\/sites\/6\/2025\/11\/wallbox-devoile-la-pulsar-max-sa-nouvelle-borne-de-recharge-pour-les-particuliers-6.webp 190w, https:\/\/cdn.automobile-propre.com\/uploads\/2025\/11\/Wallbox_PulsarMax_Home_High_A9306196-600x400.webp 600w\" sizes=\"auto, (max-width: 1200px) 100vw, 1200px\" \/><br \/>\nWallbox lance la Pulsar Max en France, un nouveau dispositif de recharger pour les particuliers. Une borne disponible avec prise ou avec c\u00e2ble attach\u00e9, pour plus de flexibilit\u00e9. Voil\u00e0 ce qu&rsquo;il faut savoir.\u00a0<a href=https:\/\/www.automobile-propre.com\/breves\/wallbox-devoile-la-pulsar-max-sa-nouvelle-solution-de-recharge-pour-les-particuliers\/ target='bwindow'>Lire la suite&#8230;<\/a><\/p>\n","protected":false},"excerpt":{"rendered":"<p>&#8230; <a class=\"continue-reading-link\" href=\"https:\/\/www.evearly.news\/fr\/wallbox-devoile-la-pulsar-max-sa-nouvelle-borne-de-recharge-pour-les-particuliers\/\"><\/a><\/p>\n","protected":false},"author":8,"featured_media":312161,"comment_status":"closed","ping_status":"open","sticky":false,"template":"Default","format":"standard","meta":{"footnotes":""},"categories":[8],"tags":[],"class_list":["post-312160","post","type-post","status-publish","format-standard","has-post-thumbnail","hentry","category-automobile-propre"],"_links":{"self":[{"href":"https:\/\/www.evearly.news\/fr\/wp-json\/wp\/v2\/posts\/312160","targetHints":{"allow":["GET"]}}],"collection":[{"href":"https:\/\/www.evearly.news\/fr\/wp-json\/wp\/v2\/posts"}],"about":[{"href":"https:\/\/www.evearly.news\/fr\/wp-json\/wp\/v2\/types\/post"}],"author":[{"embeddable":true,"href":"https:\/\/www.evearly.news\/fr\/wp-json\/wp\/v2\/users\/8"}],"replies":[{"embeddable":true,"href":"https:\/\/www.evearly.news\/fr\/wp-json\/wp\/v2\/comments?post=312160"}],"version-history":[{"count":0,"href":"https:\/\/www.evearly.news\/fr\/wp-json\/wp\/v2\/posts\/312160\/revisions"}],"wp:featuredmedia":[{"embeddable":true,"href":"https:\/\/www.evearly.news\/fr\/wp-json\/wp\/v2\/media\/312161"}],"wp:attachment":[{"href":"https:\/\/www.evearly.news\/fr\/wp-json\/wp\/v2\/media?parent=312160"}],"wp:term":[{"taxonomy":"category","embeddable":true,"href":"https:\/\/www.evearly.news\/fr\/wp-json\/wp\/v2\/categories?post=312160"},{"taxonomy":"post_tag","embeddable":true,"href":"https:\/\/www.evearly.news\/fr\/wp-json\/wp\/v2\/tags?post=312160"}],"curies":[{"name":"wp","href":"https:\/\/api.w.org\/{rel}","templated":true}]}}