{"id":312162,"date":"2025-11-12T21:02:15","date_gmt":"2025-11-12T20:02:15","guid":{"rendered":"https:\/\/www.evearly.news\/fr\/choque-le-patron-de-ford-sincline-face-a-la-toute-puissance-de-tesla-et-de-la-chine-dans-lautomobile-electrique\/"},"modified":"2025-11-12T21:02:15","modified_gmt":"2025-11-12T20:02:15","slug":"choque-le-patron-de-ford-sincline-face-a-la-toute-puissance-de-tesla-et-de-la-chine-dans-lautomobile-electrique","status":"publish","type":"post","link":"https:\/\/www.evearly.news\/fr\/choque-le-patron-de-ford-sincline-face-a-la-toute-puissance-de-tesla-et-de-la-chine-dans-lautomobile-electrique\/","title":{"rendered":"\u00ab\u00a0Choqu\u00e9\u00a0\u00bb : le patron de Ford s\u2019incline face \u00e0 la toute-puissance de Tesla et de la Chine dans l\u2019automobile \u00e9lectrique"},"content":{"rendered":"<p><img width=\"1920\" height=\"1280\" src=\"https:\/\/www.evearly.news\/fr\/wp-content\/uploads\/sites\/6\/2025\/11\/choque-le-patron-de-ford-sincline-face-a-la-toute-puissance-de-tesla-et-de-la-chine-dans-lautomobile-electrique.jpg\" class=\"attachment-full size-full wp-post-image\" alt=\"Ford Voitures Electriques\" decoding=\"async\" loading=\"lazy\" srcset=\"https:\/\/www.evearly.news\/fr\/wp-content\/uploads\/sites\/6\/2025\/11\/choque-le-patron-de-ford-sincline-face-a-la-toute-puissance-de-tesla-et-de-la-chine-dans-lautomobile-electrique.jpg 1920w, https:\/\/www.evearly.news\/fr\/wp-content\/uploads\/sites\/6\/2025\/11\/choque-le-patron-de-ford-sincline-face-a-la-toute-puissance-de-tesla-et-de-la-chine-dans-lautomobile-electrique-1.jpg 384w, https:\/\/www.evearly.news\/fr\/wp-content\/uploads\/sites\/6\/2025\/11\/choque-le-patron-de-ford-sincline-face-a-la-toute-puissance-de-tesla-et-de-la-chine-dans-lautomobile-electrique-2.jpg 880w, https:\/\/www.evearly.news\/fr\/wp-content\/uploads\/sites\/6\/2025\/11\/choque-le-patron-de-ford-sincline-face-a-la-toute-puissance-de-tesla-et-de-la-chine-dans-lautomobile-electrique-3.jpg 50w, https:\/\/www.evearly.news\/fr\/wp-content\/uploads\/sites\/6\/2025\/11\/choque-le-patron-de-ford-sincline-face-a-la-toute-puissance-de-tesla-et-de-la-chine-dans-lautomobile-electrique-4.jpg 640w, https:\/\/www.evearly.news\/fr\/wp-content\/uploads\/sites\/6\/2025\/11\/choque-le-patron-de-ford-sincline-face-a-la-toute-puissance-de-tesla-et-de-la-chine-dans-lautomobile-electrique-5.jpg 1280w, https:\/\/www.presse-citron.net\/app\/uploads\/2025\/11\/ford-voitures-electriques-1632x1088.jpg 1632w\" sizes=\"auto, (max-width: 1920px) 100vw, 1920px\"><\/p>\n<p>C\u2019est un aveu difficile \u00e0 dig\u00e9rer. Jim Farley, le PDG de Ford, reconna\u00eet que Tesla et les constructeurs chinois ont une immense longueur d\u2019avance dans le domaine des v\u00e9hicules \u00e9lectriques. Une avance qu\u2019il entend combler par tous les moyens.<a href=\"https:\/\/www.presse-citron.net\/choque-patron-ford-incline-toute-puissance-tesla-chine-automobile-electrique\/\" target=blank> Lire la suite&#8230;<\/a><\/p>\n","protected":false},"excerpt":{"rendered":"<p>C\u2019est un aveu difficile \u00e0 dig\u00e9rer. Jim Farley, le PDG de Ford, reconna\u00eet que Tesla et les constructeurs chinois ont une immense longueur d\u2019avance dans le domaine des v\u00e9hicules \u00e9lectriques. Une avance qu\u2019il entend combler par tous les moyens&#8230;. <a class=\"continue-reading-link\" href=\"https:\/\/www.evearly.news\/fr\/choque-le-patron-de-ford-sincline-face-a-la-toute-puissance-de-tesla-et-de-la-chine-dans-lautomobile-electrique\/\"><\/a><\/p>\n","protected":false},"author":18,"featured_media":312163,"comment_status":"closed","ping_status":"open","sticky":false,"template":"Default","format":"standard","meta":{"footnotes":""},"categories":[19],"tags":[],"class_list":["post-312162","post","type-post","status-publish","format-standard","has-post-thumbnail","hentry","category-presse-citron"],"_links":{"self":[{"href":"https:\/\/www.evearly.news\/fr\/wp-json\/wp\/v2\/posts\/312162","targetHints":{"allow":["GET"]}}],"collection":[{"href":"https:\/\/www.evearly.news\/fr\/wp-json\/wp\/v2\/posts"}],"about":[{"href":"https:\/\/www.evearly.news\/fr\/wp-json\/wp\/v2\/types\/post"}],"author":[{"embeddable":true,"href":"https:\/\/www.evearly.news\/fr\/wp-json\/wp\/v2\/users\/18"}],"replies":[{"embeddable":true,"href":"https:\/\/www.evearly.news\/fr\/wp-json\/wp\/v2\/comments?post=312162"}],"version-history":[{"count":0,"href":"https:\/\/www.evearly.news\/fr\/wp-json\/wp\/v2\/posts\/312162\/revisions"}],"wp:featuredmedia":[{"embeddable":true,"href":"https:\/\/www.evearly.news\/fr\/wp-json\/wp\/v2\/media\/312163"}],"wp:attachment":[{"href":"https:\/\/www.evearly.news\/fr\/wp-json\/wp\/v2\/media?parent=312162"}],"wp:term":[{"taxonomy":"category","embeddable":true,"href":"https:\/\/www.evearly.news\/fr\/wp-json\/wp\/v2\/categories?post=312162"},{"taxonomy":"post_tag","embeddable":true,"href":"https:\/\/www.evearly.news\/fr\/wp-json\/wp\/v2\/tags?post=312162"}],"curies":[{"name":"wp","href":"https:\/\/api.w.org\/{rel}","templated":true}]}}