{"id":312164,"date":"2025-11-12T21:25:00","date_gmt":"2025-11-12T20:25:00","guid":{"rendered":"https:\/\/www.evearly.news\/fr\/volkswagen-et-xpeng-creent-ensemble-ce-suv-electrique-haut-de-gamme-a-t-il-une-chance-darriver-en-europe\/"},"modified":"2025-11-12T21:25:00","modified_gmt":"2025-11-12T20:25:00","slug":"volkswagen-et-xpeng-creent-ensemble-ce-suv-electrique-haut-de-gamme-a-t-il-une-chance-darriver-en-europe","status":"publish","type":"post","link":"https:\/\/www.evearly.news\/fr\/volkswagen-et-xpeng-creent-ensemble-ce-suv-electrique-haut-de-gamme-a-t-il-une-chance-darriver-en-europe\/","title":{"rendered":"Volkswagen et Xpeng cr\u00e9ent ensemble ce SUV \u00e9lectrique haut de gamme. A-t-il une chance d\u2019arriver en Europe ?"},"content":{"rendered":"<div class=\"media_block\"><img decoding=\"async\" src=\"https:\/\/www.evearly.news\/fr\/wp-content\/uploads\/sites\/6\/2025\/11\/volkswagen-et-xpeng-creent-ensemble-ce-suv-electrique-haut-de-gamme-a-t-il-une-chance-darriver-en-europe.jpg\"><\/div>\n<p>En Chine, la marque Volkswagen est pr\u00e9sente par le biais de trois co-entreprises. La derni\u00e8re en date Volkswagen-Anhui vient de d\u00e9voiler son nouveau vaisseau amiral baptis\u00e9 ID.Unyx 08, un SUV 100% \u00e9lectrique profitant de la technologie 800 V d\u00e9velopp\u00e9e par Xpeng. Ses prestations de haut vol le placent en rival direct de mod\u00e8les premium dernier-cri. <a href=https:\/\/www.automobile-magazine.fr\/voitures-electriques\/article\/50092-volkswagen-et-xpeng-creent-ensemble-ce-suv-electrique-haut-de-gamme-a-t-il-une-chance-darriver-en-europe target='bwindow'>Lire la suite&#8230;<\/a><\/p>\n","protected":false},"excerpt":{"rendered":"<div class=\"media_block\"><img decoding=\"async\" src=\"https:\/\/www.evearly.news\/fr\/wp-content\/uploads\/sites\/6\/2025\/11\/volkswagen-et-xpeng-creent-ensemble-ce-suv-electrique-haut-de-gamme-a-t-il-une-chance-darriver-en-europe.jpg\"><\/div>\n<p> <a class=\"continue-reading-link\" href=\"https:\/\/www.evearly.news\/fr\/volkswagen-et-xpeng-creent-ensemble-ce-suv-electrique-haut-de-gamme-a-t-il-une-chance-darriver-en-europe\/\"><\/a><\/p>\n","protected":false},"author":7,"featured_media":312165,"comment_status":"closed","ping_status":"open","sticky":false,"template":"Default","format":"standard","meta":{"footnotes":""},"categories":[7],"tags":[],"class_list":["post-312164","post","type-post","status-publish","format-standard","has-post-thumbnail","hentry","category-automobile-magazine"],"_links":{"self":[{"href":"https:\/\/www.evearly.news\/fr\/wp-json\/wp\/v2\/posts\/312164","targetHints":{"allow":["GET"]}}],"collection":[{"href":"https:\/\/www.evearly.news\/fr\/wp-json\/wp\/v2\/posts"}],"about":[{"href":"https:\/\/www.evearly.news\/fr\/wp-json\/wp\/v2\/types\/post"}],"author":[{"embeddable":true,"href":"https:\/\/www.evearly.news\/fr\/wp-json\/wp\/v2\/users\/7"}],"replies":[{"embeddable":true,"href":"https:\/\/www.evearly.news\/fr\/wp-json\/wp\/v2\/comments?post=312164"}],"version-history":[{"count":0,"href":"https:\/\/www.evearly.news\/fr\/wp-json\/wp\/v2\/posts\/312164\/revisions"}],"wp:featuredmedia":[{"embeddable":true,"href":"https:\/\/www.evearly.news\/fr\/wp-json\/wp\/v2\/media\/312165"}],"wp:attachment":[{"href":"https:\/\/www.evearly.news\/fr\/wp-json\/wp\/v2\/media?parent=312164"}],"wp:term":[{"taxonomy":"category","embeddable":true,"href":"https:\/\/www.evearly.news\/fr\/wp-json\/wp\/v2\/categories?post=312164"},{"taxonomy":"post_tag","embeddable":true,"href":"https:\/\/www.evearly.news\/fr\/wp-json\/wp\/v2\/tags?post=312164"}],"curies":[{"name":"wp","href":"https:\/\/api.w.org\/{rel}","templated":true}]}}