{"id":312168,"date":"2025-11-13T08:50:04","date_gmt":"2025-11-13T07:50:04","guid":{"rendered":"https:\/\/www.evearly.news\/fr\/lallemagne-muscle-son-plan-de-recharge-pour-les-professionnels-du-transport\/"},"modified":"2025-11-13T08:50:04","modified_gmt":"2025-11-13T07:50:04","slug":"lallemagne-muscle-son-plan-de-recharge-pour-les-professionnels-du-transport","status":"publish","type":"post","link":"https:\/\/www.evearly.news\/fr\/lallemagne-muscle-son-plan-de-recharge-pour-les-professionnels-du-transport\/","title":{"rendered":"L\u2019Allemagne muscle son plan de recharge pour les professionnels du transport"},"content":{"rendered":"<p><img loading=\"lazy\" decoding=\"async\" width=\"500\" height=\"333\" src=\"https:\/\/www.evearly.news\/fr\/wp-content\/uploads\/sites\/6\/2025\/11\/lallemagne-muscle-son-plan-de-recharge-pour-les-professionnels-du-transport.webp\" class=\"attachment-1200x800 size-1200x800 wp-post-image\" alt=\"bus \u00e9lectriques\" srcset=\"https:\/\/www.evearly.news\/fr\/wp-content\/uploads\/sites\/6\/2025\/11\/lallemagne-muscle-son-plan-de-recharge-pour-les-professionnels-du-transport.webp 1200w, https:\/\/www.evearly.news\/fr\/wp-content\/uploads\/sites\/6\/2025\/11\/lallemagne-muscle-son-plan-de-recharge-pour-les-professionnels-du-transport-1.webp 1024w, https:\/\/www.evearly.news\/fr\/wp-content\/uploads\/sites\/6\/2025\/11\/lallemagne-muscle-son-plan-de-recharge-pour-les-professionnels-du-transport-2.webp 768w, https:\/\/cdn.automobile-propre.com\/uploads\/2025\/11\/bus-electriques-611x413.webp 611w\" sizes=\"auto, (max-width: 1184px) 100vw, 1184px\" \/><br \/>\nLe gouvernement allemand vient de publier son Masterplan Ladeinfrastruktur 2030, un document strat\u00e9gique en 37 mesures destin\u00e9 \u00e0 structurer et acc\u00e9l\u00e9rer le d\u00e9ploiement des bornes de recharge sur tout le territoire d\u2019ici \u00e0 2030, pour les particuliers et les professionnels.\u00a0\u00a0<a href=https:\/\/www.automobile-propre.com\/articles\/lallemagne-muscle-son-plan-de-recharge-pour-les-professionnels-du-transport\/ target='bwindow'>Lire la suite&#8230;<\/a><\/p>\n","protected":false},"excerpt":{"rendered":"<p>&#8230; <a class=\"continue-reading-link\" href=\"https:\/\/www.evearly.news\/fr\/lallemagne-muscle-son-plan-de-recharge-pour-les-professionnels-du-transport\/\"><\/a><\/p>\n","protected":false},"author":8,"featured_media":312169,"comment_status":"closed","ping_status":"open","sticky":false,"template":"Default","format":"standard","meta":{"footnotes":""},"categories":[8],"tags":[],"class_list":["post-312168","post","type-post","status-publish","format-standard","has-post-thumbnail","hentry","category-automobile-propre"],"_links":{"self":[{"href":"https:\/\/www.evearly.news\/fr\/wp-json\/wp\/v2\/posts\/312168","targetHints":{"allow":["GET"]}}],"collection":[{"href":"https:\/\/www.evearly.news\/fr\/wp-json\/wp\/v2\/posts"}],"about":[{"href":"https:\/\/www.evearly.news\/fr\/wp-json\/wp\/v2\/types\/post"}],"author":[{"embeddable":true,"href":"https:\/\/www.evearly.news\/fr\/wp-json\/wp\/v2\/users\/8"}],"replies":[{"embeddable":true,"href":"https:\/\/www.evearly.news\/fr\/wp-json\/wp\/v2\/comments?post=312168"}],"version-history":[{"count":0,"href":"https:\/\/www.evearly.news\/fr\/wp-json\/wp\/v2\/posts\/312168\/revisions"}],"wp:featuredmedia":[{"embeddable":true,"href":"https:\/\/www.evearly.news\/fr\/wp-json\/wp\/v2\/media\/312169"}],"wp:attachment":[{"href":"https:\/\/www.evearly.news\/fr\/wp-json\/wp\/v2\/media?parent=312168"}],"wp:term":[{"taxonomy":"category","embeddable":true,"href":"https:\/\/www.evearly.news\/fr\/wp-json\/wp\/v2\/categories?post=312168"},{"taxonomy":"post_tag","embeddable":true,"href":"https:\/\/www.evearly.news\/fr\/wp-json\/wp\/v2\/tags?post=312168"}],"curies":[{"name":"wp","href":"https:\/\/api.w.org\/{rel}","templated":true}]}}