{"id":312170,"date":"2025-11-13T08:53:32","date_gmt":"2025-11-13T07:53:32","guid":{"rendered":"https:\/\/www.evearly.news\/fr\/le-citroen-c5-aircross-revient-pour-la-premiere-fois-en-electrique-pour-le-meilleur-ou-pour-le-pire\/"},"modified":"2025-11-13T08:53:32","modified_gmt":"2025-11-13T07:53:32","slug":"le-citroen-c5-aircross-revient-pour-la-premiere-fois-en-electrique-pour-le-meilleur-ou-pour-le-pire","status":"publish","type":"post","link":"https:\/\/www.evearly.news\/fr\/le-citroen-c5-aircross-revient-pour-la-premiere-fois-en-electrique-pour-le-meilleur-ou-pour-le-pire\/","title":{"rendered":"Le Citro\u00ebn C5 Aircross revient pour la premi\u00e8re fois en \u00e9lectrique\u00a0: pour le meilleur ou pour le pire\u00a0?"},"content":{"rendered":"<p><img width=\"1920\" height=\"1280\" src=\"https:\/\/www.evearly.news\/fr\/wp-content\/uploads\/sites\/6\/2025\/11\/le-citroen-c5-aircross-revient-pour-la-premiere-fois-en-electrique-pour-le-meilleur-ou-pour-le-pire.jpg\" class=\"attachment-full size-full wp-post-image\" alt=\"Citro\u00ebn C5 Aircross (1)\" decoding=\"async\" loading=\"lazy\" srcset=\"https:\/\/www.evearly.news\/fr\/wp-content\/uploads\/sites\/6\/2025\/11\/le-citroen-c5-aircross-revient-pour-la-premiere-fois-en-electrique-pour-le-meilleur-ou-pour-le-pire.jpg 1920w, https:\/\/www.evearly.news\/fr\/wp-content\/uploads\/sites\/6\/2025\/11\/le-citroen-c5-aircross-revient-pour-la-premiere-fois-en-electrique-pour-le-meilleur-ou-pour-le-pire-1.jpg 384w, https:\/\/www.evearly.news\/fr\/wp-content\/uploads\/sites\/6\/2025\/11\/le-citroen-c5-aircross-revient-pour-la-premiere-fois-en-electrique-pour-le-meilleur-ou-pour-le-pire-2.jpg 880w, https:\/\/www.evearly.news\/fr\/wp-content\/uploads\/sites\/6\/2025\/11\/le-citroen-c5-aircross-revient-pour-la-premiere-fois-en-electrique-pour-le-meilleur-ou-pour-le-pire-3.jpg 50w, https:\/\/www.evearly.news\/fr\/wp-content\/uploads\/sites\/6\/2025\/11\/le-citroen-c5-aircross-revient-pour-la-premiere-fois-en-electrique-pour-le-meilleur-ou-pour-le-pire-4.jpg 640w, https:\/\/www.evearly.news\/fr\/wp-content\/uploads\/sites\/6\/2025\/11\/le-citroen-c5-aircross-revient-pour-la-premiere-fois-en-electrique-pour-le-meilleur-ou-pour-le-pire-5.jpg 1280w, https:\/\/www.presse-citron.net\/app\/uploads\/2025\/11\/Citroen-C5-Aircross-1-1-1632x1088.jpg 1632w\" sizes=\"auto, (max-width: 1920px) 100vw, 1920px\"><\/p>\n<p>Nouveau fer de lance de la marque aux chevrons, la deuxi\u00e8me g\u00e9n\u00e9ration du Citro\u00ebn C5 Aircross h\u00e9rite d\u2019une toute nouvelle plateforme. Il offre en ce sens des technologies in\u00e9dites et une autonomie solide.<a href=\"https:\/\/www.presse-citron.net\/le-citroen-c5-aircross-revient-pour-la-premiere-fois-en-electrique-pour-le-meilleur-ou-pour-le-pire\/\" target=blank> Lire la suite&#8230;<\/a><\/p>\n","protected":false},"excerpt":{"rendered":"<p>Nouveau fer de lance de la marque aux chevrons, la deuxi\u00e8me g\u00e9n\u00e9ration du Citro\u00ebn C5 Aircross h\u00e9rite d\u2019une toute nouvelle plateforme. Il offre en ce sens des technologies in\u00e9dites et une autonomie solide&#8230;. <a class=\"continue-reading-link\" href=\"https:\/\/www.evearly.news\/fr\/le-citroen-c5-aircross-revient-pour-la-premiere-fois-en-electrique-pour-le-meilleur-ou-pour-le-pire\/\"><\/a><\/p>\n","protected":false},"author":18,"featured_media":312171,"comment_status":"closed","ping_status":"open","sticky":false,"template":"Default","format":"standard","meta":{"footnotes":""},"categories":[19],"tags":[],"class_list":["post-312170","post","type-post","status-publish","format-standard","has-post-thumbnail","hentry","category-presse-citron"],"_links":{"self":[{"href":"https:\/\/www.evearly.news\/fr\/wp-json\/wp\/v2\/posts\/312170","targetHints":{"allow":["GET"]}}],"collection":[{"href":"https:\/\/www.evearly.news\/fr\/wp-json\/wp\/v2\/posts"}],"about":[{"href":"https:\/\/www.evearly.news\/fr\/wp-json\/wp\/v2\/types\/post"}],"author":[{"embeddable":true,"href":"https:\/\/www.evearly.news\/fr\/wp-json\/wp\/v2\/users\/18"}],"replies":[{"embeddable":true,"href":"https:\/\/www.evearly.news\/fr\/wp-json\/wp\/v2\/comments?post=312170"}],"version-history":[{"count":0,"href":"https:\/\/www.evearly.news\/fr\/wp-json\/wp\/v2\/posts\/312170\/revisions"}],"wp:featuredmedia":[{"embeddable":true,"href":"https:\/\/www.evearly.news\/fr\/wp-json\/wp\/v2\/media\/312171"}],"wp:attachment":[{"href":"https:\/\/www.evearly.news\/fr\/wp-json\/wp\/v2\/media?parent=312170"}],"wp:term":[{"taxonomy":"category","embeddable":true,"href":"https:\/\/www.evearly.news\/fr\/wp-json\/wp\/v2\/categories?post=312170"},{"taxonomy":"post_tag","embeddable":true,"href":"https:\/\/www.evearly.news\/fr\/wp-json\/wp\/v2\/tags?post=312170"}],"curies":[{"name":"wp","href":"https:\/\/api.w.org\/{rel}","templated":true}]}}