{"id":312226,"date":"2025-11-14T09:50:05","date_gmt":"2025-11-14T08:50:05","guid":{"rendered":"https:\/\/www.evearly.news\/fr\/une-offre-de-personnalisation-elargie-pour-la-ds-3-et-gratuite-jusqua-la-fin-de-lannee\/"},"modified":"2025-11-14T09:50:05","modified_gmt":"2025-11-14T08:50:05","slug":"une-offre-de-personnalisation-elargie-pour-la-ds-3-et-gratuite-jusqua-la-fin-de-lannee","status":"publish","type":"post","link":"https:\/\/www.evearly.news\/fr\/une-offre-de-personnalisation-elargie-pour-la-ds-3-et-gratuite-jusqua-la-fin-de-lannee\/","title":{"rendered":"Une offre de personnalisation \u00e9largie pour la DS 3, et gratuite jusqu&rsquo;\u00e0 la fin de l&rsquo;ann\u00e9e !"},"content":{"rendered":"<p><img decoding=\"async\" src=\"https:\/\/www.evearly.news\/fr\/wp-content\/uploads\/sites\/6\/2025\/11\/une-offre-de-personnalisation-elargie-pour-la-ds-3-et-gratuite-jusqua-la-fin-de-lannee.webp\" alt=\"auto-moto\"><br \/>\u00c9l\u00e9ment incontournable de la premi\u00e8re g\u00e9n\u00e9ration de DS3 lorsqu\u2019elle \u00e9tait encore une citadine, la personnalisation pouss\u00e9e \u00e0 travers des teintes de toit suppl\u00e9mentaires appara\u00eet sur le SUV urbain chic DS 3, alors que celui-ci approche plut\u00f4t de la fin de carri\u00e8re. <a href=https:\/\/www.auto-moto.com\/suv\/ds-3-personnalisation-66101 target=blank>Lire la suite&#8230;<\/a><\/p>\n","protected":false},"excerpt":{"rendered":"<p>\u00c9l\u00e9ment incontournable de la premi\u00e8re g\u00e9n\u00e9ration de DS3 lorsqu\u2019elle \u00e9tait encore une citadine, la personnalisation pouss\u00e9e \u00e0 travers des teintes de toit suppl\u00e9mentaires appara\u00eet sur le SUV urbain chic DS 3, alors que celui-ci approche plut\u00f4t de la fin de carri\u00e8re&#8230;. <a class=\"continue-reading-link\" href=\"https:\/\/www.evearly.news\/fr\/une-offre-de-personnalisation-elargie-pour-la-ds-3-et-gratuite-jusqua-la-fin-de-lannee\/\"><\/a><\/p>\n","protected":false},"author":9,"featured_media":312227,"comment_status":"closed","ping_status":"open","sticky":false,"template":"Default","format":"standard","meta":{"footnotes":""},"categories":[10],"tags":[],"class_list":["post-312226","post","type-post","status-publish","format-standard","has-post-thumbnail","hentry","category-auto-moto-com"],"_links":{"self":[{"href":"https:\/\/www.evearly.news\/fr\/wp-json\/wp\/v2\/posts\/312226","targetHints":{"allow":["GET"]}}],"collection":[{"href":"https:\/\/www.evearly.news\/fr\/wp-json\/wp\/v2\/posts"}],"about":[{"href":"https:\/\/www.evearly.news\/fr\/wp-json\/wp\/v2\/types\/post"}],"author":[{"embeddable":true,"href":"https:\/\/www.evearly.news\/fr\/wp-json\/wp\/v2\/users\/9"}],"replies":[{"embeddable":true,"href":"https:\/\/www.evearly.news\/fr\/wp-json\/wp\/v2\/comments?post=312226"}],"version-history":[{"count":0,"href":"https:\/\/www.evearly.news\/fr\/wp-json\/wp\/v2\/posts\/312226\/revisions"}],"wp:featuredmedia":[{"embeddable":true,"href":"https:\/\/www.evearly.news\/fr\/wp-json\/wp\/v2\/media\/312227"}],"wp:attachment":[{"href":"https:\/\/www.evearly.news\/fr\/wp-json\/wp\/v2\/media?parent=312226"}],"wp:term":[{"taxonomy":"category","embeddable":true,"href":"https:\/\/www.evearly.news\/fr\/wp-json\/wp\/v2\/categories?post=312226"},{"taxonomy":"post_tag","embeddable":true,"href":"https:\/\/www.evearly.news\/fr\/wp-json\/wp\/v2\/tags?post=312226"}],"curies":[{"name":"wp","href":"https:\/\/api.w.org\/{rel}","templated":true}]}}