{"id":312230,"date":"2025-11-14T10:24:06","date_gmt":"2025-11-14T09:24:06","guid":{"rendered":"https:\/\/www.evearly.news\/fr\/actualite-100-electriques-les-renault-megane-et-scenic-pourraient-de-nouveau-proposer-un-moteur-thermique\/"},"modified":"2025-11-14T10:24:06","modified_gmt":"2025-11-14T09:24:06","slug":"actualite-100-electriques-les-renault-megane-et-scenic-pourraient-de-nouveau-proposer-un-moteur-thermique","status":"publish","type":"post","link":"https:\/\/www.evearly.news\/fr\/actualite-100-electriques-les-renault-megane-et-scenic-pourraient-de-nouveau-proposer-un-moteur-thermique\/","title":{"rendered":"Actualit\u00e9 : 100 % \u00e9lectriques, les Renault Megane et Scenic pourraient de nouveau proposer un moteur thermique"},"content":{"rendered":"<p><img src='https:\/\/www.evearly.news\/fr\/wp-content\/uploads\/sites\/6\/2025\/11\/actualite-100-electriques-les-renault-megane-et-scenic-pourraient-de-nouveau-proposer-un-moteur-thermique.jpg' alt='Les Num\u00e9riques' \/>Pour r\u00e9pondre \u00e0 un march\u00e9 encore peu enclin \u00e0 l&rsquo;\u00e9lectrique, Renault \u00e9tudie la possibilit\u00e9 de proposer des moteurs thermiques \u00e0 bord de la plateforme qui servira notamment aux prochaines g\u00e9n\u00e9rations de Megane et Scenic. <a href=https:\/\/www.lesnumeriques.com\/voiture\/100-electriques-les-renault-megane-et-scenic-pourraient-de-nouveau-proposer-un-moteur-thermique-n245473.html target='bwindow'>Lire la suite&#8230;<\/a><\/p>\n","protected":false},"excerpt":{"rendered":"<p>Pour r\u00e9pondre \u00e0 un march\u00e9 encore peu enclin \u00e0 l&rsquo;\u00e9lectrique, Renault \u00e9tudie la possibilit\u00e9 de proposer des moteurs thermiques \u00e0 bord de la plateforme qui servira notamment aux prochaines g\u00e9n\u00e9rations de&#8230; <a class=\"continue-reading-link\" href=\"https:\/\/www.evearly.news\/fr\/actualite-100-electriques-les-renault-megane-et-scenic-pourraient-de-nouveau-proposer-un-moteur-thermique\/\"><\/a><\/p>\n","protected":false},"author":15,"featured_media":312231,"comment_status":"closed","ping_status":"open","sticky":false,"template":"Default","format":"standard","meta":{"footnotes":""},"categories":[16],"tags":[],"class_list":["post-312230","post","type-post","status-publish","format-standard","has-post-thumbnail","hentry","category-lesnumeriques"],"_links":{"self":[{"href":"https:\/\/www.evearly.news\/fr\/wp-json\/wp\/v2\/posts\/312230","targetHints":{"allow":["GET"]}}],"collection":[{"href":"https:\/\/www.evearly.news\/fr\/wp-json\/wp\/v2\/posts"}],"about":[{"href":"https:\/\/www.evearly.news\/fr\/wp-json\/wp\/v2\/types\/post"}],"author":[{"embeddable":true,"href":"https:\/\/www.evearly.news\/fr\/wp-json\/wp\/v2\/users\/15"}],"replies":[{"embeddable":true,"href":"https:\/\/www.evearly.news\/fr\/wp-json\/wp\/v2\/comments?post=312230"}],"version-history":[{"count":0,"href":"https:\/\/www.evearly.news\/fr\/wp-json\/wp\/v2\/posts\/312230\/revisions"}],"wp:featuredmedia":[{"embeddable":true,"href":"https:\/\/www.evearly.news\/fr\/wp-json\/wp\/v2\/media\/312231"}],"wp:attachment":[{"href":"https:\/\/www.evearly.news\/fr\/wp-json\/wp\/v2\/media?parent=312230"}],"wp:term":[{"taxonomy":"category","embeddable":true,"href":"https:\/\/www.evearly.news\/fr\/wp-json\/wp\/v2\/categories?post=312230"},{"taxonomy":"post_tag","embeddable":true,"href":"https:\/\/www.evearly.news\/fr\/wp-json\/wp\/v2\/tags?post=312230"}],"curies":[{"name":"wp","href":"https:\/\/api.w.org\/{rel}","templated":true}]}}