{"id":312488,"date":"2025-11-20T10:25:32","date_gmt":"2025-11-20T09:25:32","guid":{"rendered":"https:\/\/www.evearly.news\/fr\/1000-km-dautonomie-reelle-la-nouvelle-voiture-electrique-de-bmw-impressionne-sur-route-ouverte\/"},"modified":"2025-11-20T10:25:32","modified_gmt":"2025-11-20T09:25:32","slug":"1000-km-dautonomie-reelle-la-nouvelle-voiture-electrique-de-bmw-impressionne-sur-route-ouverte","status":"publish","type":"post","link":"https:\/\/www.evearly.news\/fr\/1000-km-dautonomie-reelle-la-nouvelle-voiture-electrique-de-bmw-impressionne-sur-route-ouverte\/","title":{"rendered":"1000 km d\u2019autonomie r\u00e9elle : la nouvelle voiture \u00e9lectrique de BMW impressionne sur route ouverte"},"content":{"rendered":"<p><img loading=\"lazy\" width=\"1200\" height=\"675\" src=\"https:\/\/www.evearly.news\/fr\/wp-content\/uploads\/sites\/6\/2025\/11\/1000-km-dautonomie-reelle-la-nouvelle-voiture-electrique-de-bmw-impressionne-sur-route-ouverte.jpg\" class=\"attachment-full size-full wp-post-image\" alt=\"\" decoding=\"async\" \/<br \/>\nLe BMW iX3 est une voiture \u00e9lectrique prometteuse, avec notamment une autonomie certifi\u00e9e \u00e0 805 km en une charge. Des essayeurs BMW ont cependant r\u00e9ussi \u00e0 parcourir 1000 km d&rsquo;une traite, et ce sur route ouverte.<br \/>\n <a href=https:\/\/www.frandroid.com\/marques\/bmw\/2877581_1000-km-dautonomie-reelle-la-nouvelle-voiture-electrique-de-bmw-impressionne-sur-route-ouverte target='blank'>Lire la suite&#8230;<\/a><\/p>\n","protected":false},"excerpt":{"rendered":"<p>&lt;img width=&quot;1200&quot; height=&quot;675&quot; src=&quot;https:\/\/www.evearly.news\/fr\/wp-content\/uploads\/sites\/6\/2025\/11\/1000-km-dautonomie-reelle-la-nouvelle-voiture-electrique-de-bmw-impressionne-sur-route-ouverte.jpg&quot; class=&quot;attachment-full size-full wp-post-image&quot; alt=&quot;&quot; decoding=&quot;async&quot; \/<br \/>\nLe BMW iX3 est une voiture \u00e9lectrique prometteuse, avec notamment une autonomie certifi\u00e9e \u00e0 805 km en une charge. Des essayeurs BMW ont cependant r\u00e9ussi \u00e0 parcourir 1000 km d&rsquo;une traite, et ce sur route ouverte.\n<\/p>\n<p> <a class=\"continue-reading-link\" href=\"https:\/\/www.evearly.news\/fr\/1000-km-dautonomie-reelle-la-nouvelle-voiture-electrique-de-bmw-impressionne-sur-route-ouverte\/\"><\/a><\/p>\n","protected":false},"author":6,"featured_media":312489,"comment_status":"closed","ping_status":"open","sticky":false,"template":"Default","format":"standard","meta":{"footnotes":""},"categories":[14],"tags":[],"class_list":["post-312488","post","type-post","status-publish","format-standard","has-post-thumbnail","hentry","category-frandroid"],"_links":{"self":[{"href":"https:\/\/www.evearly.news\/fr\/wp-json\/wp\/v2\/posts\/312488","targetHints":{"allow":["GET"]}}],"collection":[{"href":"https:\/\/www.evearly.news\/fr\/wp-json\/wp\/v2\/posts"}],"about":[{"href":"https:\/\/www.evearly.news\/fr\/wp-json\/wp\/v2\/types\/post"}],"author":[{"embeddable":true,"href":"https:\/\/www.evearly.news\/fr\/wp-json\/wp\/v2\/users\/6"}],"replies":[{"embeddable":true,"href":"https:\/\/www.evearly.news\/fr\/wp-json\/wp\/v2\/comments?post=312488"}],"version-history":[{"count":0,"href":"https:\/\/www.evearly.news\/fr\/wp-json\/wp\/v2\/posts\/312488\/revisions"}],"wp:featuredmedia":[{"embeddable":true,"href":"https:\/\/www.evearly.news\/fr\/wp-json\/wp\/v2\/media\/312489"}],"wp:attachment":[{"href":"https:\/\/www.evearly.news\/fr\/wp-json\/wp\/v2\/media?parent=312488"}],"wp:term":[{"taxonomy":"category","embeddable":true,"href":"https:\/\/www.evearly.news\/fr\/wp-json\/wp\/v2\/categories?post=312488"},{"taxonomy":"post_tag","embeddable":true,"href":"https:\/\/www.evearly.news\/fr\/wp-json\/wp\/v2\/tags?post=312488"}],"curies":[{"name":"wp","href":"https:\/\/api.w.org\/{rel}","templated":true}]}}