{"id":312494,"date":"2025-11-20T11:52:04","date_gmt":"2025-11-20T10:52:04","guid":{"rendered":"https:\/\/www.evearly.news\/fr\/fin-du-thermique-en-2035-quand-stellantis-tente-de-faire-sa-loi-a-bruxelles\/"},"modified":"2025-11-20T11:52:04","modified_gmt":"2025-11-20T10:52:04","slug":"fin-du-thermique-en-2035-quand-stellantis-tente-de-faire-sa-loi-a-bruxelles","status":"publish","type":"post","link":"https:\/\/www.evearly.news\/fr\/fin-du-thermique-en-2035-quand-stellantis-tente-de-faire-sa-loi-a-bruxelles\/","title":{"rendered":"Fin du thermique en 2035 : quand Stellantis tente de faire sa loi \u00e0 Bruxelles"},"content":{"rendered":"<p><img decoding=\"async\" width=\"500\" height=\"333\" src=\"https:\/\/www.evearly.news\/fr\/wp-content\/uploads\/sites\/6\/2025\/11\/fin-du-thermique-en-2035-quand-stellantis-tente-de-faire-sa-loi-a-bruxelles.jpg\" class=\"attachment-1200x800 size-1200x800 wp-post-image\" alt=\"\" loading=\"lazy\" srcset=\"https:\/\/www.evearly.news\/fr\/wp-content\/uploads\/sites\/6\/2025\/11\/fin-du-thermique-en-2035-quand-stellantis-tente-de-faire-sa-loi-a-bruxelles.jpg 1200w, https:\/\/www.evearly.news\/fr\/wp-content\/uploads\/sites\/6\/2025\/11\/fin-du-thermique-en-2035-quand-stellantis-tente-de-faire-sa-loi-a-bruxelles-1.jpg 1024w, https:\/\/www.evearly.news\/fr\/wp-content\/uploads\/sites\/6\/2025\/11\/fin-du-thermique-en-2035-quand-stellantis-tente-de-faire-sa-loi-a-bruxelles-2.jpg 140w, https:\/\/www.evearly.news\/fr\/wp-content\/uploads\/sites\/6\/2025\/11\/fin-du-thermique-en-2035-quand-stellantis-tente-de-faire-sa-loi-a-bruxelles-3.jpg 768w, https:\/\/www.evearly.news\/fr\/wp-content\/uploads\/sites\/6\/2025\/11\/fin-du-thermique-en-2035-quand-stellantis-tente-de-faire-sa-loi-a-bruxelles-4.jpg 620w, https:\/\/www.evearly.news\/fr\/wp-content\/uploads\/sites\/6\/2025\/11\/fin-du-thermique-en-2035-quand-stellantis-tente-de-faire-sa-loi-a-bruxelles-5.jpg 100w, https:\/\/www.evearly.news\/fr\/wp-content\/uploads\/sites\/6\/2025\/11\/fin-du-thermique-en-2035-quand-stellantis-tente-de-faire-sa-loi-a-bruxelles-6.jpg 190w, https:\/\/cdn.automobile-propre.com\/uploads\/2025\/10\/Essai-Supertest-DS-Numero-8-Long-Range-47-600x400.jpg 600w\" sizes=\"auto, (max-width: 1200px) 100vw, 1200px\" \/><br \/>\nStellantis n&rsquo;y va plus par quatre chemins pour r\u00e9clamer des flexibilit\u00e9s \u00e0 la Commission europ\u00e9enne. Par la voix de ses\u2026\u00a0<a href=https:\/\/www.automobile-propre.com\/articles\/fin-du-thermique-en-2035-quand-stellantis-tente-de-faire-sa-loi-a-bruxelles\/ target='bwindow'>Lire la suite&#8230;<\/a><\/p>\n","protected":false},"excerpt":{"rendered":"<p>&#8230; <a class=\"continue-reading-link\" href=\"https:\/\/www.evearly.news\/fr\/fin-du-thermique-en-2035-quand-stellantis-tente-de-faire-sa-loi-a-bruxelles\/\"><\/a><\/p>\n","protected":false},"author":8,"featured_media":312495,"comment_status":"closed","ping_status":"open","sticky":false,"template":"Default","format":"standard","meta":{"footnotes":""},"categories":[8],"tags":[],"class_list":["post-312494","post","type-post","status-publish","format-standard","has-post-thumbnail","hentry","category-automobile-propre"],"_links":{"self":[{"href":"https:\/\/www.evearly.news\/fr\/wp-json\/wp\/v2\/posts\/312494","targetHints":{"allow":["GET"]}}],"collection":[{"href":"https:\/\/www.evearly.news\/fr\/wp-json\/wp\/v2\/posts"}],"about":[{"href":"https:\/\/www.evearly.news\/fr\/wp-json\/wp\/v2\/types\/post"}],"author":[{"embeddable":true,"href":"https:\/\/www.evearly.news\/fr\/wp-json\/wp\/v2\/users\/8"}],"replies":[{"embeddable":true,"href":"https:\/\/www.evearly.news\/fr\/wp-json\/wp\/v2\/comments?post=312494"}],"version-history":[{"count":0,"href":"https:\/\/www.evearly.news\/fr\/wp-json\/wp\/v2\/posts\/312494\/revisions"}],"wp:featuredmedia":[{"embeddable":true,"href":"https:\/\/www.evearly.news\/fr\/wp-json\/wp\/v2\/media\/312495"}],"wp:attachment":[{"href":"https:\/\/www.evearly.news\/fr\/wp-json\/wp\/v2\/media?parent=312494"}],"wp:term":[{"taxonomy":"category","embeddable":true,"href":"https:\/\/www.evearly.news\/fr\/wp-json\/wp\/v2\/categories?post=312494"},{"taxonomy":"post_tag","embeddable":true,"href":"https:\/\/www.evearly.news\/fr\/wp-json\/wp\/v2\/tags?post=312494"}],"curies":[{"name":"wp","href":"https:\/\/api.w.org\/{rel}","templated":true}]}}