{"id":312500,"date":"2025-11-20T13:02:03","date_gmt":"2025-11-20T12:02:03","guid":{"rendered":"https:\/\/www.evearly.news\/fr\/euroncap-devoile-encore-par-accident-un-futur-suv-de-mg-le-s9-hybride-rechargeable\/"},"modified":"2025-11-20T13:02:03","modified_gmt":"2025-11-20T12:02:03","slug":"euroncap-devoile-encore-par-accident-un-futur-suv-de-mg-le-s9-hybride-rechargeable","status":"publish","type":"post","link":"https:\/\/www.evearly.news\/fr\/euroncap-devoile-encore-par-accident-un-futur-suv-de-mg-le-s9-hybride-rechargeable\/","title":{"rendered":"EuroNCAP d\u00e9voile encore par accident un futur SUV de MG, le S9 hybride rechargeable"},"content":{"rendered":"<p><img loading=\"lazy\" decoding=\"async\" width=\"500\" height=\"333\" src=\"https:\/\/www.evearly.news\/fr\/wp-content\/uploads\/sites\/6\/2025\/11\/euroncap-devoile-encore-par-accident-un-futur-suv-de-mg-le-s9-hybride-rechargeable.jpg\" class=\"attachment-1200x800 size-1200x800 wp-post-image\" alt=\"MG S9\" srcset=\"https:\/\/www.evearly.news\/fr\/wp-content\/uploads\/sites\/6\/2025\/11\/euroncap-devoile-encore-par-accident-un-futur-suv-de-mg-le-s9-hybride-rechargeable.jpg 1023w, https:\/\/www.evearly.news\/fr\/wp-content\/uploads\/sites\/6\/2025\/11\/euroncap-devoile-encore-par-accident-un-futur-suv-de-mg-le-s9-hybride-rechargeable-1.jpg 768w, https:\/\/www.evearly.news\/fr\/wp-content\/uploads\/sites\/6\/2025\/11\/euroncap-devoile-encore-par-accident-un-futur-suv-de-mg-le-s9-hybride-rechargeable-2.jpg 700w, https:\/\/cdn.automobile-propre.com\/uploads\/2025\/11\/MG_S9-960x554.jpg 960w\" sizes=\"auto, (max-width: 1023px) 100vw, 1023px\" \/><br \/>\nPas de chance pour MG. Quelque semaines apr\u00e8s le S6, c\u2019est un autre mod\u00e8le qui est r\u00e9v\u00e9l\u00e9 un peu trop t\u00f4t par l\u2019EuroNCAP. Voici donc le grand SUV MG S9 qui sera commercialis\u00e9 au printemps 2026.\u00a0<a href=https:\/\/www.automobile-propre.com\/breves\/euroncap-devoile-encore-par-accident-un-futur-suv-de-mg-le-s9-hybride-rechargeable\/ target='bwindow'>Lire la suite&#8230;<\/a><\/p>\n","protected":false},"excerpt":{"rendered":"<p>&#8230; <a class=\"continue-reading-link\" href=\"https:\/\/www.evearly.news\/fr\/euroncap-devoile-encore-par-accident-un-futur-suv-de-mg-le-s9-hybride-rechargeable\/\"><\/a><\/p>\n","protected":false},"author":8,"featured_media":312501,"comment_status":"closed","ping_status":"open","sticky":false,"template":"Default","format":"standard","meta":{"footnotes":""},"categories":[8],"tags":[],"class_list":["post-312500","post","type-post","status-publish","format-standard","has-post-thumbnail","hentry","category-automobile-propre"],"_links":{"self":[{"href":"https:\/\/www.evearly.news\/fr\/wp-json\/wp\/v2\/posts\/312500","targetHints":{"allow":["GET"]}}],"collection":[{"href":"https:\/\/www.evearly.news\/fr\/wp-json\/wp\/v2\/posts"}],"about":[{"href":"https:\/\/www.evearly.news\/fr\/wp-json\/wp\/v2\/types\/post"}],"author":[{"embeddable":true,"href":"https:\/\/www.evearly.news\/fr\/wp-json\/wp\/v2\/users\/8"}],"replies":[{"embeddable":true,"href":"https:\/\/www.evearly.news\/fr\/wp-json\/wp\/v2\/comments?post=312500"}],"version-history":[{"count":0,"href":"https:\/\/www.evearly.news\/fr\/wp-json\/wp\/v2\/posts\/312500\/revisions"}],"wp:featuredmedia":[{"embeddable":true,"href":"https:\/\/www.evearly.news\/fr\/wp-json\/wp\/v2\/media\/312501"}],"wp:attachment":[{"href":"https:\/\/www.evearly.news\/fr\/wp-json\/wp\/v2\/media?parent=312500"}],"wp:term":[{"taxonomy":"category","embeddable":true,"href":"https:\/\/www.evearly.news\/fr\/wp-json\/wp\/v2\/categories?post=312500"},{"taxonomy":"post_tag","embeddable":true,"href":"https:\/\/www.evearly.news\/fr\/wp-json\/wp\/v2\/tags?post=312500"}],"curies":[{"name":"wp","href":"https:\/\/api.w.org\/{rel}","templated":true}]}}